{"id":23475,"date":"2024-11-07T08:23:42","date_gmt":"2024-11-07T08:23:42","guid":{"rendered":"https:\/\/www.lodelmomentoloja.com\/?p=23475"},"modified":"2024-11-07T14:28:44","modified_gmt":"2024-11-07T14:28:44","slug":"buscan-remover-a-los-ppl-de-los-grupos-de-atencion-prioritaria-del-pais","status":"publish","type":"post","link":"https:\/\/www.lodelmomentoloja.com\/?p=23475","title":{"rendered":"Buscan remover a los ppl, de los grupos de atenci\u00f3n prioritaria del pa\u00eds."},"content":{"rendered":"<p>\ud83d\ude31\u2705\ud83d\udcc4 \u00a1Los quiere sacar! El primer mandatario, la noche del mi\u00e9rcoles 6 de noviembre, a trav\u00e9s de un comunicado present\u00f3 una iniciativa que busca reformar los art\u00edculos 35 y 31 de la Constituci\u00f3n de la Rep\u00fablica, para que las personas privadas de la libertad, sean removidas de los grupos de atenci\u00f3n prioritaria en el pa\u00eds. Propuesta que ser\u00e1 enviada a la Corte Constitucional y posteriormente deber\u00e1 ser tramitada en la Asamblea Nacional.<\/p>\n<p><img loading=\"lazy\" decoding=\"async\" class=\"alignnone size-medium wp-image-23476\" src=\"http:\/\/www.lodelmomentoloja.com\/wp-content\/uploads\/2024\/11\/WhatsApp-Image-2024-11-07-at-8.26.00-AM-300x300.jpeg\" alt=\"\" width=\"300\" height=\"300\" srcset=\"https:\/\/www.lodelmomentoloja.com\/wp-content\/uploads\/2024\/11\/WhatsApp-Image-2024-11-07-at-8.26.00-AM-300x300.jpeg 300w, https:\/\/www.lodelmomentoloja.com\/wp-content\/uploads\/2024\/11\/WhatsApp-Image-2024-11-07-at-8.26.00-AM-1024x1024.jpeg 1024w, https:\/\/www.lodelmomentoloja.com\/wp-content\/uploads\/2024\/11\/WhatsApp-Image-2024-11-07-at-8.26.00-AM-150x150.jpeg 150w, https:\/\/www.lodelmomentoloja.com\/wp-content\/uploads\/2024\/11\/WhatsApp-Image-2024-11-07-at-8.26.00-AM-768x768.jpeg 768w, https:\/\/www.lodelmomentoloja.com\/wp-content\/uploads\/2024\/11\/WhatsApp-Image-2024-11-07-at-8.26.00-AM-640x640.jpeg 640w, https:\/\/www.lodelmomentoloja.com\/wp-content\/uploads\/2024\/11\/WhatsApp-Image-2024-11-07-at-8.26.00-AM.jpeg 1080w\" sizes=\"(max-width: 300px) 100vw, 300px\" \/><\/p>\n<p>\ud83c\udf10\ud83d\udc49 S\u00edguenos en nuestra p\u00e1gina web: www.lodelmomentoloja.com<\/p>\n","protected":false},"excerpt":{"rendered":"<p>\ud83d\ude31\u2705\ud83d\udcc4 \u00a1Los quiere sacar! El primer mandatario, la noche del mi\u00e9rcoles 6 de noviembre, a&#8230;<\/p>\n","protected":false},"author":1,"featured_media":23477,"comment_status":"open","ping_status":"open","sticky":false,"template":"","format":"standard","meta":{"footnotes":""},"categories":[7,1],"tags":[],"class_list":["post-23475","post","type-post","status-publish","format-standard","has-post-thumbnail","hentry","category-ecuador","category-inicio"],"_links":{"self":[{"href":"https:\/\/www.lodelmomentoloja.com\/index.php?rest_route=\/wp\/v2\/posts\/23475"}],"collection":[{"href":"https:\/\/www.lodelmomentoloja.com\/index.php?rest_route=\/wp\/v2\/posts"}],"about":[{"href":"https:\/\/www.lodelmomentoloja.com\/index.php?rest_route=\/wp\/v2\/types\/post"}],"author":[{"embeddable":true,"href":"https:\/\/www.lodelmomentoloja.com\/index.php?rest_route=\/wp\/v2\/users\/1"}],"replies":[{"embeddable":true,"href":"https:\/\/www.lodelmomentoloja.com\/index.php?rest_route=%2Fwp%2Fv2%2Fcomments&post=23475"}],"version-history":[{"count":1,"href":"https:\/\/www.lodelmomentoloja.com\/index.php?rest_route=\/wp\/v2\/posts\/23475\/revisions"}],"predecessor-version":[{"id":23478,"href":"https:\/\/www.lodelmomentoloja.com\/index.php?rest_route=\/wp\/v2\/posts\/23475\/revisions\/23478"}],"wp:featuredmedia":[{"embeddable":true,"href":"https:\/\/www.lodelmomentoloja.com\/index.php?rest_route=\/wp\/v2\/media\/23477"}],"wp:attachment":[{"href":"https:\/\/www.lodelmomentoloja.com\/index.php?rest_route=%2Fwp%2Fv2%2Fmedia&parent=23475"}],"wp:term":[{"taxonomy":"category","embeddable":true,"href":"https:\/\/www.lodelmomentoloja.com\/index.php?rest_route=%2Fwp%2Fv2%2Fcategories&post=23475"},{"taxonomy":"post_tag","embeddable":true,"href":"https:\/\/www.lodelmomentoloja.com\/index.php?rest_route=%2Fwp%2Fv2%2Ftags&post=23475"}],"curies":[{"name":"wp","href":"https:\/\/api.w.org\/{rel}","templated":true}]}}