{"id":23467,"date":"2024-11-06T12:02:30","date_gmt":"2024-11-06T12:02:30","guid":{"rendered":"https:\/\/www.lodelmomentoloja.com\/?p=23467"},"modified":"2024-11-06T17:08:54","modified_gmt":"2024-11-06T17:08:54","slug":"la-dignidad-de-los-trabajadores-municipales-no-se-negocia","status":"publish","type":"post","link":"https:\/\/www.lodelmomentoloja.com\/?p=23467","title":{"rendered":"&#8216;La dignidad de los trabajadores municipales no se negocia&#8217;"},"content":{"rendered":"<p>\u00a1La dignidad no es negociable! En un acto de valent\u00eda y compromiso con la clase trabajadora, Faviola Fajardo, primera mujer Secretaria General del Sindicato de Trabajadores del Municipio de Loja, con un mensaje claro y contundente se\u00f1al\u00f3 que: &#8220;\u00a1Ya basta de burlas a los derechos de los trabajadores! \u00a1Ya basta de retener nuestros haberes! \u00a1Ya basta de poner en riesgo la vida de nuestros compa\u00f1eros!&#8221;.<\/p>\n<p>Durante su intervenci\u00f3n, Faviola Fajardo expuso la precaria situaci\u00f3n laboral que viven d\u00eda a d\u00eda los trabajadores municipales, ante la mirada atenta y preocupada de varios miembros de la Comisi\u00f3n de lo Laboral, entre ellos las asamble\u00edstas Johana Ortiz (Loja) y Luzmila Abad (Morona Santiago) y tambi\u00e9n el Asamble\u00edsta Nacional Jos\u00e9 Agualsaca. Quienes consternados ante la cruda realidad presentada, expresaron su compromiso para exigir una respuesta concreta a la administraci\u00f3n municipal.<\/p>\n<p>Como resultado de esta hist\u00f3rica comparecencia efectuada del 14 al 17 de octubre, el 5 de noviembre de 2024 se oficializ\u00f3 el requerimiento de informaci\u00f3n al Alcalde de Loja. En este se exige un informe detallado de:<\/p>\n<p><img loading=\"lazy\" decoding=\"async\" class=\"alignnone size-medium wp-image-23468\" src=\"http:\/\/www.lodelmomentoloja.com\/wp-content\/uploads\/2024\/11\/WhatsApp-Image-2024-11-06-at-11.41.51-AM-1-266x300.jpeg\" alt=\"\" width=\"266\" height=\"300\" srcset=\"https:\/\/www.lodelmomentoloja.com\/wp-content\/uploads\/2024\/11\/WhatsApp-Image-2024-11-06-at-11.41.51-AM-1-266x300.jpeg 266w, https:\/\/www.lodelmomentoloja.com\/wp-content\/uploads\/2024\/11\/WhatsApp-Image-2024-11-06-at-11.41.51-AM-1-906x1024.jpeg 906w, https:\/\/www.lodelmomentoloja.com\/wp-content\/uploads\/2024\/11\/WhatsApp-Image-2024-11-06-at-11.41.51-AM-1-768x868.jpeg 768w, https:\/\/www.lodelmomentoloja.com\/wp-content\/uploads\/2024\/11\/WhatsApp-Image-2024-11-06-at-11.41.51-AM-1-640x723.jpeg 640w, https:\/\/www.lodelmomentoloja.com\/wp-content\/uploads\/2024\/11\/WhatsApp-Image-2024-11-06-at-11.41.51-AM-1-1359x1536.jpeg 1359w, https:\/\/www.lodelmomentoloja.com\/wp-content\/uploads\/2024\/11\/WhatsApp-Image-2024-11-06-at-11.41.51-AM-1-1024x1157.jpeg 1024w, https:\/\/www.lodelmomentoloja.com\/wp-content\/uploads\/2024\/11\/WhatsApp-Image-2024-11-06-at-11.41.51-AM-1.jpeg 1416w\" sizes=\"(max-width: 266px) 100vw, 266px\" \/><\/p>\n<p>Multas impuestas al Municipio de Loja por el incumplimiento de sentencias constitucionales.<br \/>\nSanciones del Ministerio de Trabajo por incumplimientos en seguridad y salud ocupacional.<br \/>\nInventario de dotaciones de implementos de seguridad, salud ocupacional y uniformes entregados al cuerpo de agentes civiles de tr\u00e1nsito.<br \/>\nCronograma espec\u00edfico para el cumplimiento de la sentencia emitida en la acci\u00f3n de protecci\u00f3n signada con el n\u00famero 11904-2024-00006.<br \/>\nEste es un llamado firme y categ\u00f3rico al Alcalde de Loja. Faviola Fajardo declar\u00f3: &#8220;El Alcalde no se va a burlar de los trabajadores municipales y de sus familias. Iremos hasta las \u00faltimas consecuencias por el bienestar y la equidad de todos los trabajadores municipales.&#8221;<\/p>\n<p><img loading=\"lazy\" decoding=\"async\" class=\"alignnone size-medium wp-image-23469\" src=\"http:\/\/www.lodelmomentoloja.com\/wp-content\/uploads\/2024\/11\/WhatsApp-Image-2024-11-06-at-11.41.51-AM-266x300.jpeg\" alt=\"\" width=\"266\" height=\"300\" srcset=\"https:\/\/www.lodelmomentoloja.com\/wp-content\/uploads\/2024\/11\/WhatsApp-Image-2024-11-06-at-11.41.51-AM-266x300.jpeg 266w, https:\/\/www.lodelmomentoloja.com\/wp-content\/uploads\/2024\/11\/WhatsApp-Image-2024-11-06-at-11.41.51-AM-906x1024.jpeg 906w, https:\/\/www.lodelmomentoloja.com\/wp-content\/uploads\/2024\/11\/WhatsApp-Image-2024-11-06-at-11.41.51-AM-768x868.jpeg 768w, https:\/\/www.lodelmomentoloja.com\/wp-content\/uploads\/2024\/11\/WhatsApp-Image-2024-11-06-at-11.41.51-AM-640x723.jpeg 640w, https:\/\/www.lodelmomentoloja.com\/wp-content\/uploads\/2024\/11\/WhatsApp-Image-2024-11-06-at-11.41.51-AM-1359x1536.jpeg 1359w, https:\/\/www.lodelmomentoloja.com\/wp-content\/uploads\/2024\/11\/WhatsApp-Image-2024-11-06-at-11.41.51-AM-1024x1157.jpeg 1024w, https:\/\/www.lodelmomentoloja.com\/wp-content\/uploads\/2024\/11\/WhatsApp-Image-2024-11-06-at-11.41.51-AM.jpeg 1416w\" sizes=\"(max-width: 266px) 100vw, 266px\" \/><\/p>\n<p>Con la mirada puesta en el respeto de los derechos laborales y la seguridad de todos los obreros municipales, Faviola Fajardo, junto al respaldo de la Asamblea Nacional, marca el inicio de una lucha por condiciones dignas y justicia laboral para todos los trabajadores municipales de Loja. \u00a1Estamos listos y dispuestos a defender nuestros derechos hasta el final!<\/p>\n<p>\ud83c\udf10\ud83d\udc49 S\u00edguenos en nuestra p\u00e1gina web: www.lodelmomentoloja.com<\/p>\n","protected":false},"excerpt":{"rendered":"<p>\u00a1La dignidad no es negociable! En un acto de valent\u00eda y compromiso con la clase&#8230;<\/p>\n","protected":false},"author":1,"featured_media":23470,"comment_status":"open","ping_status":"open","sticky":false,"template":"","format":"standard","meta":{"footnotes":""},"categories":[7,1,5],"tags":[],"class_list":["post-23467","post","type-post","status-publish","format-standard","has-post-thumbnail","hentry","category-ecuador","category-inicio","category-loja"],"_links":{"self":[{"href":"https:\/\/www.lodelmomentoloja.com\/index.php?rest_route=\/wp\/v2\/posts\/23467"}],"collection":[{"href":"https:\/\/www.lodelmomentoloja.com\/index.php?rest_route=\/wp\/v2\/posts"}],"about":[{"href":"https:\/\/www.lodelmomentoloja.com\/index.php?rest_route=\/wp\/v2\/types\/post"}],"author":[{"embeddable":true,"href":"https:\/\/www.lodelmomentoloja.com\/index.php?rest_route=\/wp\/v2\/users\/1"}],"replies":[{"embeddable":true,"href":"https:\/\/www.lodelmomentoloja.com\/index.php?rest_route=%2Fwp%2Fv2%2Fcomments&post=23467"}],"version-history":[{"count":1,"href":"https:\/\/www.lodelmomentoloja.com\/index.php?rest_route=\/wp\/v2\/posts\/23467\/revisions"}],"predecessor-version":[{"id":23471,"href":"https:\/\/www.lodelmomentoloja.com\/index.php?rest_route=\/wp\/v2\/posts\/23467\/revisions\/23471"}],"wp:featuredmedia":[{"embeddable":true,"href":"https:\/\/www.lodelmomentoloja.com\/index.php?rest_route=\/wp\/v2\/media\/23470"}],"wp:attachment":[{"href":"https:\/\/www.lodelmomentoloja.com\/index.php?rest_route=%2Fwp%2Fv2%2Fmedia&parent=23467"}],"wp:term":[{"taxonomy":"category","embeddable":true,"href":"https:\/\/www.lodelmomentoloja.com\/index.php?rest_route=%2Fwp%2Fv2%2Fcategories&post=23467"},{"taxonomy":"post_tag","embeddable":true,"href":"https:\/\/www.lodelmomentoloja.com\/index.php?rest_route=%2Fwp%2Fv2%2Ftags&post=23467"}],"curies":[{"name":"wp","href":"https:\/\/api.w.org\/{rel}","templated":true}]}}