{"id":23464,"date":"2024-11-06T11:32:41","date_gmt":"2024-11-06T11:32:41","guid":{"rendered":"https:\/\/www.lodelmomentoloja.com\/?p=23464"},"modified":"2024-11-06T16:33:47","modified_gmt":"2024-11-06T16:33:47","slug":"lojano-destaca-a-nivel-internacional-ganando-el-jersey-best-top-marketing-maverick-under-40-en-ee-uu","status":"publish","type":"post","link":"https:\/\/www.lodelmomentoloja.com\/?p=23464","title":{"rendered":"Lojano destaca a nivel internacional, ganando el Jersey Best Top Marketing Maverick Under 40 en EE.UU."},"content":{"rendered":"<div class=\"xdj266r x11i5rnm xat24cr x1mh8g0r x1vvkbs x126k92a\">\n<div dir=\"auto\"><span class=\"html-span xexx8yu x4uap5 x18d9i69 xkhd6sd x1hl2dhg x16tdsg8 x1vvkbs x3nfvp2 x1j61x8r x1fcty0u xdj266r xat24cr xgzva0m xhhsvwb xxymvpz xlup9mm x1kky2od\"><img loading=\"lazy\" decoding=\"async\" class=\"xz74otr\" src=\"https:\/\/static.xx.fbcdn.net\/images\/emoji.php\/v9\/t95\/1\/16\/1f1ea_1f1e8.png\" alt=\"\ud83c\uddea\ud83c\udde8\" width=\"16\" height=\"16\" \/><\/span><span class=\"html-span xexx8yu x4uap5 x18d9i69 xkhd6sd x1hl2dhg x16tdsg8 x1vvkbs x3nfvp2 x1j61x8r x1fcty0u xdj266r xat24cr xgzva0m xhhsvwb xxymvpz xlup9mm x1kky2od\"><img loading=\"lazy\" decoding=\"async\" class=\"xz74otr\" src=\"https:\/\/static.xx.fbcdn.net\/images\/emoji.php\/v9\/t3d\/1\/16\/1f3c5.png\" alt=\"\ud83c\udfc5\" width=\"16\" height=\"16\" \/><\/span><span class=\"html-span xexx8yu x4uap5 x18d9i69 xkhd6sd x1hl2dhg x16tdsg8 x1vvkbs x3nfvp2 x1j61x8r x1fcty0u xdj266r xat24cr xgzva0m xhhsvwb xxymvpz xlup9mm x1kky2od\"><img loading=\"lazy\" decoding=\"async\" class=\"xz74otr\" src=\"https:\/\/static.xx.fbcdn.net\/images\/emoji.php\/v9\/t93\/1\/16\/1f1fa_1f1f8.png\" alt=\"\ud83c\uddfa\ud83c\uddf8\" width=\"16\" height=\"16\" \/><\/span> \u00a1Lojano destacado! Dar\u00edo Javier Castillo, oriundo de la provincia de Loja, es un ciudadano que vive desde hace algunos a\u00f1os en Estados Unidos laborando en el mundo del marketing y publicidad, en ese sentido, el coterr\u00e1neo acab\u00f3 de ganar el Jersey Best Top Marketing Maverick Under 40 EE.UU entre 22 profesionales del \u00e1mbito publicitario, siendo el \u00fanico latino y por ende ecuatoriano en esa lista.<\/p>\n<\/div>\n<\/div>\n<div class=\"x11i5rnm xat24cr x1mh8g0r x1vvkbs xtlvy1s x126k92a\">\n<div dir=\"auto\">&#8220;Me enorgullece compartir este premio que recib\u00ed&#8221; dijo el lojano en sus impresiones en una entrevista para LDM. Un acto que no solo llena de orgullo a Dar\u00edo, puesto que su labor y \u00e9xito es compartido con Loja, ya que su staff est\u00e1 conformado por gran parte del talento local, lo que hace a\u00fan m\u00e1s merecedor el esfuerzo del logro obtenido.<\/p>\n<\/div>\n<\/div>\n<div class=\"x11i5rnm xat24cr x1mh8g0r x1vvkbs xtlvy1s x126k92a\">\n<div dir=\"auto\"><span class=\"html-span xexx8yu x4uap5 x18d9i69 xkhd6sd x1hl2dhg x16tdsg8 x1vvkbs x3nfvp2 x1j61x8r x1fcty0u xdj266r xat24cr xgzva0m xhhsvwb xxymvpz xlup9mm x1kky2od\"><img loading=\"lazy\" decoding=\"async\" class=\"xz74otr\" src=\"https:\/\/static.xx.fbcdn.net\/images\/emoji.php\/v9\/taa\/1\/16\/1f310.png\" alt=\"\ud83c\udf10\" width=\"16\" height=\"16\" \/><\/span><span class=\"html-span xexx8yu x4uap5 x18d9i69 xkhd6sd x1hl2dhg x16tdsg8 x1vvkbs x3nfvp2 x1j61x8r x1fcty0u xdj266r xat24cr xgzva0m xhhsvwb xxymvpz xlup9mm x1kky2od\"><img loading=\"lazy\" decoding=\"async\" class=\"xz74otr\" src=\"https:\/\/static.xx.fbcdn.net\/images\/emoji.php\/v9\/tc\/1\/16\/1f449_1f3fb.png\" alt=\"\ud83d\udc49\ud83c\udffb\" width=\"16\" height=\"16\" \/><\/span> S\u00edguenos en la web <span class=\"html-span xdj266r x11i5rnm xat24cr x1mh8g0r xexx8yu x4uap5 x18d9i69 xkhd6sd x1hl2dhg x16tdsg8 x1vvkbs\"><a class=\"x1i10hfl xjbqb8w x1ejq31n xd10rxx x1sy0etr x17r0tee x972fbf xcfux6l x1qhh985 xm0m39n x9f619 x1ypdohk xt0psk2 xe8uvvx xdj266r x11i5rnm xat24cr x1mh8g0r xexx8yu x4uap5 x18d9i69 xkhd6sd x16tdsg8 x1hl2dhg xggy1nq x1a2a7pz x1sur9pj xkrqix3 x1fey0fg x1s688f\" tabindex=\"0\" role=\"link\" href=\"http:\/\/www.lodelmomentoloja.com\/?fbclid=IwZXh0bgNhZW0CMTAAAR3fiCpu-AooUaCg8VJNydkPXfZ40dfqHMDSfglLn_o1hh7LGlAThvZ4dmY_aem_U2pu6SQ6KYMCecAneefc7Q\" target=\"_blank\" rel=\"nofollow noopener noreferrer\">www.lodelmomentoloja.com<\/a><\/span><\/div>\n<\/div>\n","protected":false},"excerpt":{"rendered":"<p>\u00a1Lojano destacado! Dar\u00edo Javier Castillo, oriundo de la provincia de Loja, es un ciudadano que&#8230;<\/p>\n","protected":false},"author":1,"featured_media":23465,"comment_status":"open","ping_status":"open","sticky":false,"template":"","format":"standard","meta":{"footnotes":""},"categories":[7,1,4,5],"tags":[],"class_list":["post-23464","post","type-post","status-publish","format-standard","has-post-thumbnail","hentry","category-ecuador","category-inicio","category-internacional","category-loja"],"_links":{"self":[{"href":"https:\/\/www.lodelmomentoloja.com\/index.php?rest_route=\/wp\/v2\/posts\/23464"}],"collection":[{"href":"https:\/\/www.lodelmomentoloja.com\/index.php?rest_route=\/wp\/v2\/posts"}],"about":[{"href":"https:\/\/www.lodelmomentoloja.com\/index.php?rest_route=\/wp\/v2\/types\/post"}],"author":[{"embeddable":true,"href":"https:\/\/www.lodelmomentoloja.com\/index.php?rest_route=\/wp\/v2\/users\/1"}],"replies":[{"embeddable":true,"href":"https:\/\/www.lodelmomentoloja.com\/index.php?rest_route=%2Fwp%2Fv2%2Fcomments&post=23464"}],"version-history":[{"count":1,"href":"https:\/\/www.lodelmomentoloja.com\/index.php?rest_route=\/wp\/v2\/posts\/23464\/revisions"}],"predecessor-version":[{"id":23466,"href":"https:\/\/www.lodelmomentoloja.com\/index.php?rest_route=\/wp\/v2\/posts\/23464\/revisions\/23466"}],"wp:featuredmedia":[{"embeddable":true,"href":"https:\/\/www.lodelmomentoloja.com\/index.php?rest_route=\/wp\/v2\/media\/23465"}],"wp:attachment":[{"href":"https:\/\/www.lodelmomentoloja.com\/index.php?rest_route=%2Fwp%2Fv2%2Fmedia&parent=23464"}],"wp:term":[{"taxonomy":"category","embeddable":true,"href":"https:\/\/www.lodelmomentoloja.com\/index.php?rest_route=%2Fwp%2Fv2%2Fcategories&post=23464"},{"taxonomy":"post_tag","embeddable":true,"href":"https:\/\/www.lodelmomentoloja.com\/index.php?rest_route=%2Fwp%2Fv2%2Ftags&post=23464"}],"curies":[{"name":"wp","href":"https:\/\/api.w.org\/{rel}","templated":true}]}}