{"id":23452,"date":"2024-11-05T15:43:04","date_gmt":"2024-11-05T15:43:04","guid":{"rendered":"https:\/\/www.lodelmomentoloja.com\/?p=23452"},"modified":"2024-11-05T20:43:59","modified_gmt":"2024-11-05T20:43:59","slug":"se-aprobo-ley-para-la-prevencion-del-cancer-uterino-por-unanimidad","status":"publish","type":"post","link":"https:\/\/www.lodelmomentoloja.com\/?p=23452","title":{"rendered":"SE APROB\u00d3 LEY PARA LA PREVENCI\u00d3N DEL C\u00c1NCER UTERINO, POR UNANIMIDAD."},"content":{"rendered":"<p>EL pasado 29 de octubre, El Pleno de la Asamblea aprob\u00f3, por unanimidad, con 106 votos afirmativos, el proyecto de Ley para la Prevenci\u00f3n y Control del C\u00e1ncer Cervicouterino. Con su aprobaci\u00f3n, Ecuador estar\u00eda a la vanguardia en la implementaci\u00f3n de leyes que aceleren los resultados en la eliminaci\u00f3n del c\u00e1ncer de cuello uterino. El documento ser\u00e1 enviado al Ejecutivo para su sanci\u00f3n u objeci\u00f3n.<\/p>\n<p>Al respecto, la presidenta de la legislatura, Viviana Veloz agradeci\u00f3 a los asamble\u00edstas por aprobar un proyecto de ley para el control y la prevenci\u00f3n del c\u00e1ncer cervicouterino. A\u00f1adi\u00f3 que, con esta votaci\u00f3n, se demuestra una vez m\u00e1s que esta Asamblea trabaja sin banderas pol\u00edticas, en beneficio de la gente.<\/p>\n<p>Esta ley establece un marco normativo para la prevenci\u00f3n y control del c\u00e1ncer cervicouterino a trav\u00e9s, de la vacunaci\u00f3n y planificaci\u00f3n, dise\u00f1o, desarrollo, investigaci\u00f3n, educaci\u00f3n, ejecuci\u00f3n de programas, estrategias, pol\u00edticas p\u00fablicas y acciones tendientes a brindar una atenci\u00f3n integral para la poblaci\u00f3n seg\u00fan corresponda.<br \/>\nPrevio al debate, en comisi\u00f3n general, Andrea Encalada, directora Ejecutiva de Cepreme, organizaci\u00f3n sin fines de lucro, con m\u00e1s de 16 a\u00f1os en la prevenci\u00f3n, diagn\u00f3stico y apoyo a pacientes oncol\u00f3gicos, especialmente, de c\u00e1ncer cervicouterino, asegur\u00f3 que se trata de un tema que es prevenible y puede cambiar la vida de miles de ni\u00f1as y mujeres del pa\u00eds.<\/p>\n<p>Jorge Guevara, presidente de la Comisi\u00f3n del Derecho a la Salud y ponente del informe, recalc\u00f3 que el objetivo es proteger la vida de las ecuatorianas. Dijo que el c\u00e1ncer cervicouterino es una amenaza silenciosa. \u201cEn nuestro pa\u00eds el c\u00e1ncer de cuello uterino es el segundo tipo de c\u00e1ncer m\u00e1s frecuente en las mujeres y su incidencia es alarmante; en el 2020 ocup\u00f3 el 9.5 % del total de casos de c\u00e1ncer y muertes en el Ecuador\u201d.<\/p>\n<p>En el debate, los legisladores coincidieron que el proyecto genera condiciones y mecanismos para erradicar el c\u00e1ncer cervicouterino; propicia estrategias de prevenci\u00f3n para que deje de ser un problema de salud p\u00fablica, como resultado del acceso universal a servicios de salud sexual y de prevenci\u00f3n de las infecciones de transmisi\u00f3n sexual (ITS), a las vacunas contra el VPH, al control de los riesgos, a servicios eficaces de tamizaje y tratamiento de las lesiones precancerosas; as\u00ed como al tratamiento del c\u00e1ncer cervicouterino de tipo invasor.<\/p>\n<p>Recalcaron que este es un problema de salud p\u00fablica que demanda la atenci\u00f3n de todos. Que la estrategia 90-70-90 es una iniciativa de la OMS\/OPS para eliminar el c\u00e1ncer uterino como problema de salud p\u00fablica y se basa en tres pilares: Vacunaci\u00f3n: El 90 % de las ni\u00f1as deben ser vacunadas contra el virus del papiloma humano (pat\u00f3geno prevenible y tratable) antes de los 15 a\u00f1os. Tamizaje: El 70 % de las mujeres deben ser examinadas antes de los 35 a\u00f1os y nuevamente antes de los 45 a\u00f1os. Tratamiento: El 90 % de las mujeres con lesiones precancerosas y el 90 % de las mujeres con c\u00e1ncer invasivo deben ser tratadas.<\/p>\n<p>Destacaron la importancia de reducir la mortalidad de las mujeres; que es necesario que tanto los sectores rurales como los urbanos accedan a controles a tiempo, con tratamientos oportunos. Citaron las bajas cifras de las mujeres que acceden a pruebas de VPH y VIH y pidieron fortalecer la gobernanza en salud con el monitoreo y seguimiento de nto de los programas implementados.<\/p>\n","protected":false},"excerpt":{"rendered":"<p>EL pasado 29 de octubre, El Pleno de la Asamblea aprob\u00f3, por unanimidad, con 106&#8230;<\/p>\n","protected":false},"author":1,"featured_media":23453,"comment_status":"open","ping_status":"open","sticky":false,"template":"","format":"standard","meta":{"footnotes":""},"categories":[7,1,5],"tags":[],"class_list":["post-23452","post","type-post","status-publish","format-standard","has-post-thumbnail","hentry","category-ecuador","category-inicio","category-loja"],"_links":{"self":[{"href":"https:\/\/www.lodelmomentoloja.com\/index.php?rest_route=\/wp\/v2\/posts\/23452"}],"collection":[{"href":"https:\/\/www.lodelmomentoloja.com\/index.php?rest_route=\/wp\/v2\/posts"}],"about":[{"href":"https:\/\/www.lodelmomentoloja.com\/index.php?rest_route=\/wp\/v2\/types\/post"}],"author":[{"embeddable":true,"href":"https:\/\/www.lodelmomentoloja.com\/index.php?rest_route=\/wp\/v2\/users\/1"}],"replies":[{"embeddable":true,"href":"https:\/\/www.lodelmomentoloja.com\/index.php?rest_route=%2Fwp%2Fv2%2Fcomments&post=23452"}],"version-history":[{"count":1,"href":"https:\/\/www.lodelmomentoloja.com\/index.php?rest_route=\/wp\/v2\/posts\/23452\/revisions"}],"predecessor-version":[{"id":23454,"href":"https:\/\/www.lodelmomentoloja.com\/index.php?rest_route=\/wp\/v2\/posts\/23452\/revisions\/23454"}],"wp:featuredmedia":[{"embeddable":true,"href":"https:\/\/www.lodelmomentoloja.com\/index.php?rest_route=\/wp\/v2\/media\/23453"}],"wp:attachment":[{"href":"https:\/\/www.lodelmomentoloja.com\/index.php?rest_route=%2Fwp%2Fv2%2Fmedia&parent=23452"}],"wp:term":[{"taxonomy":"category","embeddable":true,"href":"https:\/\/www.lodelmomentoloja.com\/index.php?rest_route=%2Fwp%2Fv2%2Fcategories&post=23452"},{"taxonomy":"post_tag","embeddable":true,"href":"https:\/\/www.lodelmomentoloja.com\/index.php?rest_route=%2Fwp%2Fv2%2Ftags&post=23452"}],"curies":[{"name":"wp","href":"https:\/\/api.w.org\/{rel}","templated":true}]}}