{"id":23409,"date":"2024-10-30T14:47:37","date_gmt":"2024-10-30T14:47:37","guid":{"rendered":"https:\/\/www.lodelmomentoloja.com\/?p=23409"},"modified":"2024-10-30T19:49:27","modified_gmt":"2024-10-30T19:49:27","slug":"cierre-de-vias-por-el-retorno-de-la-churonita","status":"publish","type":"post","link":"https:\/\/www.lodelmomentoloja.com\/?p=23409","title":{"rendered":"Cierre de v\u00edas por el retorno de &#8216;La Churonita&#8217;"},"content":{"rendered":"<p>\ud83d\uded1\ud83d\udea7\ud83d\ude98 \u00a1En su despedida! La Direcci\u00f3n de Movilidad de Tr\u00e1nsito y Transporte anunci\u00f3 el cierre de v\u00edas, por la romer\u00eda de retorno de la Virgen de El Cisne, para este viernes 01 de noviembre 2024, mismas que se realizar\u00e1n en tres horarios distintos.<\/p>\n<p>\ud83d\udd38 Horario 00h00<br \/>\n\ud83d\udc49\ud83c\udffb V\u00eda antigua Loja &#8211; Catamayo (sector Eucaliptos).<br \/>\n\ud83d\udc49\ud83c\udffb V\u00eda antigua Loja &#8211; Catamayo (sector Tierras Coloradas).<br \/>\n\ud83d\udc49\ud83c\udffb Calle Virgilio Rodas &#8211; Y de la Av. Villonaco.<\/p>\n<p>\ud83d\udd38 Horario 03h00<br \/>\n\ud83d\udc49\ud83c\udffb V\u00eda principal Loja &#8211; Catamayo (Redondel El Plateado).<\/p>\n<p>\ud83d\udd38 Horario 04h00<br \/>\n\ud83d\udc49\ud83c\udffb Calle Bernardo Valdivieso.<br \/>\n\ud83d\udc49\ud83c\udffb Calle 10 de Agosto, desde la Bernardo Valdivieso hasta la Eplicachima.<br \/>\n\ud83d\udc49\ud83c\udffb Calle Bol\u00edvar.<br \/>\n\ud83d\udc49\ud83c\udffb Calle Jos\u00e9 Antonio Eguiguren.<br \/>\n\ud83d\udc49\ud83c\udffb Calle 18 de Noviembre.<br \/>\n\ud83d\udc49\ud83c\udffb Calle Eplicachima.<br \/>\n\ud83d\udc49\ud83c\udffb Redondel de El Dorado.<br \/>\n\ud83d\udc49\ud83c\udffb Av. de Los Paltas.<br \/>\n\ud83d\udc49\ud83c\udffb Calle In\u00e9s Jim\u00e9nez.<br \/>\n\ud83d\udc49\ud83c\udffbAv. Eugenio Espejo.<\/p>\n<p>\ud83c\udf10\ud83d\udc49 S\u00edguenos en nuestra p\u00e1gina web: www.lodelmomentoloja.com<\/p>\n","protected":false},"excerpt":{"rendered":"<p>\ud83d\uded1\ud83d\udea7\ud83d\ude98 \u00a1En su despedida! La Direcci\u00f3n de Movilidad de Tr\u00e1nsito y Transporte anunci\u00f3 el cierre&#8230;<\/p>\n","protected":false},"author":1,"featured_media":23410,"comment_status":"open","ping_status":"open","sticky":false,"template":"","format":"standard","meta":{"footnotes":""},"categories":[7,1,5],"tags":[],"class_list":["post-23409","post","type-post","status-publish","format-standard","has-post-thumbnail","hentry","category-ecuador","category-inicio","category-loja"],"_links":{"self":[{"href":"https:\/\/www.lodelmomentoloja.com\/index.php?rest_route=\/wp\/v2\/posts\/23409"}],"collection":[{"href":"https:\/\/www.lodelmomentoloja.com\/index.php?rest_route=\/wp\/v2\/posts"}],"about":[{"href":"https:\/\/www.lodelmomentoloja.com\/index.php?rest_route=\/wp\/v2\/types\/post"}],"author":[{"embeddable":true,"href":"https:\/\/www.lodelmomentoloja.com\/index.php?rest_route=\/wp\/v2\/users\/1"}],"replies":[{"embeddable":true,"href":"https:\/\/www.lodelmomentoloja.com\/index.php?rest_route=%2Fwp%2Fv2%2Fcomments&post=23409"}],"version-history":[{"count":1,"href":"https:\/\/www.lodelmomentoloja.com\/index.php?rest_route=\/wp\/v2\/posts\/23409\/revisions"}],"predecessor-version":[{"id":23411,"href":"https:\/\/www.lodelmomentoloja.com\/index.php?rest_route=\/wp\/v2\/posts\/23409\/revisions\/23411"}],"wp:featuredmedia":[{"embeddable":true,"href":"https:\/\/www.lodelmomentoloja.com\/index.php?rest_route=\/wp\/v2\/media\/23410"}],"wp:attachment":[{"href":"https:\/\/www.lodelmomentoloja.com\/index.php?rest_route=%2Fwp%2Fv2%2Fmedia&parent=23409"}],"wp:term":[{"taxonomy":"category","embeddable":true,"href":"https:\/\/www.lodelmomentoloja.com\/index.php?rest_route=%2Fwp%2Fv2%2Fcategories&post=23409"},{"taxonomy":"post_tag","embeddable":true,"href":"https:\/\/www.lodelmomentoloja.com\/index.php?rest_route=%2Fwp%2Fv2%2Ftags&post=23409"}],"curies":[{"name":"wp","href":"https:\/\/api.w.org\/{rel}","templated":true}]}}