{"id":23391,"date":"2024-10-29T13:37:36","date_gmt":"2024-10-29T13:37:36","guid":{"rendered":"https:\/\/www.lodelmomentoloja.com\/?p=23391"},"modified":"2024-10-29T19:38:17","modified_gmt":"2024-10-29T19:38:17","slug":"colombia-no-vendera-energia-electrica-a-ecuador","status":"publish","type":"post","link":"https:\/\/www.lodelmomentoloja.com\/?p=23391","title":{"rendered":"Colombia no vender\u00e1 energ\u00eda el\u00e9ctrica a Ecuador"},"content":{"rendered":"<p>\ud83c\uddea\ud83c\udde8\u26a1\ud83c\udde8\ud83c\uddf4\u00a1Y as\u00ed seguiremos! Tras la reuni\u00f3n con el gobierno colombiano, la ministra de Energ\u00eda y Ambiente de Ecuador, In\u00e9s Manzano (E), confirm\u00f3 para Caracol TV, la negativa de Colombia de venderle energ\u00eda al territorio ecuatoriano. \u201cLamentablemente el ministro dijo que aunque hay toda la disponibilidad y la voluntad pol\u00edtica por parte del presidente de Colombia, no pueden vender a los 18 millones de ecuatorianos que necesitamos energ\u00eda as\u00ed que estamos viendo la parte privada\u201d, a\u00f1adi\u00f3.<\/p>\n<p>\ud83c\udf10\ud83d\udc49\ud83c\udffb S\u00edguenos en nuestra p\u00e1gina web www.lodelmomentoloja.com<\/p>\n","protected":false},"excerpt":{"rendered":"<p>\ud83c\uddea\ud83c\udde8\u26a1\ud83c\udde8\ud83c\uddf4\u00a1Y as\u00ed seguiremos! Tras la reuni\u00f3n con el gobierno colombiano, la ministra de Energ\u00eda y&#8230;<\/p>\n","protected":false},"author":1,"featured_media":23392,"comment_status":"open","ping_status":"open","sticky":false,"template":"","format":"standard","meta":{"footnotes":""},"categories":[7,1,4],"tags":[],"class_list":["post-23391","post","type-post","status-publish","format-standard","has-post-thumbnail","hentry","category-ecuador","category-inicio","category-internacional"],"_links":{"self":[{"href":"https:\/\/www.lodelmomentoloja.com\/index.php?rest_route=\/wp\/v2\/posts\/23391"}],"collection":[{"href":"https:\/\/www.lodelmomentoloja.com\/index.php?rest_route=\/wp\/v2\/posts"}],"about":[{"href":"https:\/\/www.lodelmomentoloja.com\/index.php?rest_route=\/wp\/v2\/types\/post"}],"author":[{"embeddable":true,"href":"https:\/\/www.lodelmomentoloja.com\/index.php?rest_route=\/wp\/v2\/users\/1"}],"replies":[{"embeddable":true,"href":"https:\/\/www.lodelmomentoloja.com\/index.php?rest_route=%2Fwp%2Fv2%2Fcomments&post=23391"}],"version-history":[{"count":1,"href":"https:\/\/www.lodelmomentoloja.com\/index.php?rest_route=\/wp\/v2\/posts\/23391\/revisions"}],"predecessor-version":[{"id":23393,"href":"https:\/\/www.lodelmomentoloja.com\/index.php?rest_route=\/wp\/v2\/posts\/23391\/revisions\/23393"}],"wp:featuredmedia":[{"embeddable":true,"href":"https:\/\/www.lodelmomentoloja.com\/index.php?rest_route=\/wp\/v2\/media\/23392"}],"wp:attachment":[{"href":"https:\/\/www.lodelmomentoloja.com\/index.php?rest_route=%2Fwp%2Fv2%2Fmedia&parent=23391"}],"wp:term":[{"taxonomy":"category","embeddable":true,"href":"https:\/\/www.lodelmomentoloja.com\/index.php?rest_route=%2Fwp%2Fv2%2Fcategories&post=23391"},{"taxonomy":"post_tag","embeddable":true,"href":"https:\/\/www.lodelmomentoloja.com\/index.php?rest_route=%2Fwp%2Fv2%2Ftags&post=23391"}],"curies":[{"name":"wp","href":"https:\/\/api.w.org\/{rel}","templated":true}]}}