{"id":2330,"date":"2021-02-05T15:09:57","date_gmt":"2021-02-05T15:09:57","guid":{"rendered":"http:\/\/www.lodelmomentoloja.com\/?p=2330"},"modified":"2021-02-05T20:10:46","modified_gmt":"2021-02-05T20:10:46","slug":"corte-nacional-de-justicia-con-nuevo-presidente","status":"publish","type":"post","link":"https:\/\/www.lodelmomentoloja.com\/?p=2330","title":{"rendered":"Corte Nacional de Justicia con nuevo presidente."},"content":{"rendered":"<div class=\"\" data-block=\"true\" data-editor=\"66qg0\" data-offset-key=\"5cjb9-0-0\">\n<div class=\"_1mf _1mj\" data-offset-key=\"5cjb9-0-0\"><span class=\"diy96o5h\" spellcheck=\"false\" data-offset-key=\"5cjb9-0-0\"><span data-offset-key=\"5cjb9-0-0\">#Nacional<\/span><\/span><span data-offset-key=\"5cjb9-1-0\"> | El Pleno de la Alta Corte lo design\u00f3 por unanimidad en la segunda sesi\u00f3n extraordinaria.<\/span><\/div>\n<\/div>\n<div class=\"\" data-block=\"true\" data-editor=\"66qg0\" data-offset-key=\"9fflo-0-0\">\n<div class=\"_1mf _1mj\" data-offset-key=\"9fflo-0-0\"><span data-offset-key=\"9fflo-0-0\">\u00a0<\/span><\/div>\n<\/div>\n<div class=\"\" data-block=\"true\" data-editor=\"66qg0\" data-offset-key=\"4c01r-0-0\">\n<div class=\"_1mf _1mj\" data-offset-key=\"4c01r-0-0\"><span data-offset-key=\"4c01r-0-0\">El juez Iv\u00e1n Saquicela fue designado este viernes 5 de febrero de 2021 como nuevo presidente de la Corte Nacional de Justicia. Su periodo en este cargo ser\u00e1 por tres a\u00f1os.<\/span><\/div>\n<\/div>\n<div class=\"\" data-block=\"true\" data-editor=\"66qg0\" data-offset-key=\"1s3o7-0-0\">\n<div class=\"_1mf _1mj\" data-offset-key=\"1s3o7-0-0\"><span data-offset-key=\"1s3o7-0-0\">\u00a0<\/span><\/div>\n<\/div>\n<div class=\"\" data-block=\"true\" data-editor=\"66qg0\" data-offset-key=\"bohin-0-0\">\n<div class=\"_1mf _1mj\" data-offset-key=\"bohin-0-0\"><span data-offset-key=\"bohin-0-0\">Saquicela fue nombrado por unanimidad en la segunda sesi\u00f3n del Pleno, efectuada esta ma\u00f1ana por los magistrados de la Corte Nacional de Justicia. Los nueve jueces entrantes y los seis salientes aprobaron la designaci\u00f3n del tambi\u00e9n docente universitario como nuevo titular de la funci\u00f3n Judicial.<\/span><\/div>\n<\/div>\n<div class=\"\" data-block=\"true\" data-editor=\"66qg0\" data-offset-key=\"96v0v-0-0\">\n<div class=\"_1mf _1mj\" data-offset-key=\"96v0v-0-0\"><span data-offset-key=\"96v0v-0-0\">\u00a0<\/span><\/div>\n<\/div>\n<div class=\"\" data-block=\"true\" data-editor=\"66qg0\" data-offset-key=\"ejkqf-0-0\">\n<div class=\"_1mf _1mj\" data-offset-key=\"ejkqf-0-0\"><span class=\"py34i1dx\"><span data-offset-key=\"ejkqf-0-0\">www.lodelmomentoloja.com<\/span><\/span><\/div>\n<\/div>\n<div class=\"\" data-block=\"true\" data-editor=\"66qg0\" data-offset-key=\"t8l1-0-0\">\n<div class=\"_1mf _1mj\" data-offset-key=\"t8l1-0-0\"><span class=\"diy96o5h\"><span data-offset-key=\"t8l1-0-0\">#LDMnoticias<\/span><\/span> <span class=\"diy96o5h\" spellcheck=\"false\" data-offset-key=\"t8l1-2-0\"><span data-offset-key=\"t8l1-2-0\">#lodelmomentolojaLDM<\/span><\/span><\/div>\n<\/div>\n","protected":false},"excerpt":{"rendered":"<p>#Nacional | El Pleno de la Alta Corte lo design\u00f3 por unanimidad en la segunda&#8230;<\/p>\n","protected":false},"author":1,"featured_media":2329,"comment_status":"open","ping_status":"open","sticky":false,"template":"","format":"standard","meta":{"footnotes":""},"categories":[1],"tags":[],"class_list":["post-2330","post","type-post","status-publish","format-standard","has-post-thumbnail","hentry","category-inicio"],"_links":{"self":[{"href":"https:\/\/www.lodelmomentoloja.com\/index.php?rest_route=\/wp\/v2\/posts\/2330"}],"collection":[{"href":"https:\/\/www.lodelmomentoloja.com\/index.php?rest_route=\/wp\/v2\/posts"}],"about":[{"href":"https:\/\/www.lodelmomentoloja.com\/index.php?rest_route=\/wp\/v2\/types\/post"}],"author":[{"embeddable":true,"href":"https:\/\/www.lodelmomentoloja.com\/index.php?rest_route=\/wp\/v2\/users\/1"}],"replies":[{"embeddable":true,"href":"https:\/\/www.lodelmomentoloja.com\/index.php?rest_route=%2Fwp%2Fv2%2Fcomments&post=2330"}],"version-history":[{"count":1,"href":"https:\/\/www.lodelmomentoloja.com\/index.php?rest_route=\/wp\/v2\/posts\/2330\/revisions"}],"predecessor-version":[{"id":2331,"href":"https:\/\/www.lodelmomentoloja.com\/index.php?rest_route=\/wp\/v2\/posts\/2330\/revisions\/2331"}],"wp:featuredmedia":[{"embeddable":true,"href":"https:\/\/www.lodelmomentoloja.com\/index.php?rest_route=\/wp\/v2\/media\/2329"}],"wp:attachment":[{"href":"https:\/\/www.lodelmomentoloja.com\/index.php?rest_route=%2Fwp%2Fv2%2Fmedia&parent=2330"}],"wp:term":[{"taxonomy":"category","embeddable":true,"href":"https:\/\/www.lodelmomentoloja.com\/index.php?rest_route=%2Fwp%2Fv2%2Fcategories&post=2330"},{"taxonomy":"post_tag","embeddable":true,"href":"https:\/\/www.lodelmomentoloja.com\/index.php?rest_route=%2Fwp%2Fv2%2Ftags&post=2330"}],"curies":[{"name":"wp","href":"https:\/\/api.w.org\/{rel}","templated":true}]}}