{"id":2322,"date":"2021-02-05T14:34:38","date_gmt":"2021-02-05T14:34:38","guid":{"rendered":"http:\/\/www.lodelmomentoloja.com\/?p=2322"},"modified":"2021-02-05T19:34:40","modified_gmt":"2021-02-05T19:34:40","slug":"el-primer-desfile-de-modas-virtual-en-pandemia","status":"publish","type":"post","link":"https:\/\/www.lodelmomentoloja.com\/?p=2322","title":{"rendered":"El primer desfile de modas virtual en pandemia"},"content":{"rendered":"<div class=\"kvgmc6g5 cxmmr5t8 oygrvhab hcukyx3x c1et5uql ii04i59q\">\n<div dir=\"auto\"><a class=\"oajrlxb2 g5ia77u1 qu0x051f esr5mh6w e9989ue4 r7d6kgcz rq0escxv nhd2j8a9 nc684nl6 p7hjln8o kvgmc6g5 cxmmr5t8 oygrvhab hcukyx3x jb3vyjys rz4wbd8a qt6c0cv9 a8nywdso i1ao9s8h esuyzwwr f1sip0of lzcic4wl q66pz984 gpro0wi8 b1v8xokw\" tabindex=\"0\" role=\"link\" href=\"https:\/\/www.facebook.com\/hashtag\/loja?__eep__=6&amp;__cft__[0]=AZXpsczOctpnWNPAn5AXgPoTy3vgd5DzzDTto_E5ciHrqT9nwVAx6A595HlLUlmgAhwqrpX094EiLfo3AovnTeI6Z7CSFifQCe7GHW7ELoztTcu9fUGIYIkuHeJfp4-eKnaGzR4tmC9GlAQy2nMpN_dCRNet28Mf3SkQhuItBO_rpGjD_PqxOLyZtwDRGnrPh0E&amp;__tn__=*NK-R\">#Loja<\/a> | El primer desfile de modas virtual en pandemia.<\/div>\n<div dir=\"auto\"><\/div>\n<\/div>\n<div class=\"o9v6fnle cxmmr5t8 oygrvhab hcukyx3x c1et5uql ii04i59q\">\n<div dir=\"auto\">El Fashion Live Show fue el primer Desfile de modas virtual, esta iniciativa se desarroll\u00f3 el a\u00f1o pasado en tiempos de pandemia, iniciativa que comenz\u00f3 con un casting v\u00eda Zoom desde la Provincia de Loja. Para Michelle Vegas, menciona que no fue un impedimento la pandemia para hacer lo que les apasiona en cuanto al promover eventos de esta \u00edndole.<\/div>\n<div dir=\"auto\"><\/div>\n<\/div>\n<div class=\"o9v6fnle cxmmr5t8 oygrvhab hcukyx3x c1et5uql ii04i59q\">\n<div dir=\"auto\">La tem\u00e1tica de la colecci\u00f3n de las prendas son vestidos barrocos, adaptaci\u00f3n entre lo andino y moderno, accesorios netamente ind\u00edgenas, pa\u00f1os andinos, con la finalidad de mostrar la esencia de la cultura ecuatoriana.<\/div>\n<div dir=\"auto\"><\/div>\n<\/div>\n<div class=\"o9v6fnle cxmmr5t8 oygrvhab hcukyx3x c1et5uql ii04i59q\">\n<div dir=\"auto\">La producci\u00f3n del evento se realiz\u00f3 con varias personas de diferentes partes del mundo, entre los que destacaron Hary Lude\u00f1a como productor ejecutivo Internacional, Michelle Vargas como dise\u00f1adora de modas, la musicalizaci\u00f3n y puesta en escena a cargo de Pa\u00fal Apolo y C\u00e9sar Brice\u00f1o en la fotograf\u00eda, evento que se comercializ\u00f3 con la Plataforma BuenPlan, transmitido v\u00eda YouTube.<\/div>\n<\/div>\n","protected":false},"excerpt":{"rendered":"<p>#Loja | El primer desfile de modas virtual en pandemia. El Fashion Live Show fue&#8230;<\/p>\n","protected":false},"author":1,"featured_media":2323,"comment_status":"open","ping_status":"open","sticky":false,"template":"","format":"standard","meta":{"footnotes":""},"categories":[1],"tags":[],"class_list":["post-2322","post","type-post","status-publish","format-standard","has-post-thumbnail","hentry","category-inicio"],"_links":{"self":[{"href":"https:\/\/www.lodelmomentoloja.com\/index.php?rest_route=\/wp\/v2\/posts\/2322"}],"collection":[{"href":"https:\/\/www.lodelmomentoloja.com\/index.php?rest_route=\/wp\/v2\/posts"}],"about":[{"href":"https:\/\/www.lodelmomentoloja.com\/index.php?rest_route=\/wp\/v2\/types\/post"}],"author":[{"embeddable":true,"href":"https:\/\/www.lodelmomentoloja.com\/index.php?rest_route=\/wp\/v2\/users\/1"}],"replies":[{"embeddable":true,"href":"https:\/\/www.lodelmomentoloja.com\/index.php?rest_route=%2Fwp%2Fv2%2Fcomments&post=2322"}],"version-history":[{"count":1,"href":"https:\/\/www.lodelmomentoloja.com\/index.php?rest_route=\/wp\/v2\/posts\/2322\/revisions"}],"predecessor-version":[{"id":2324,"href":"https:\/\/www.lodelmomentoloja.com\/index.php?rest_route=\/wp\/v2\/posts\/2322\/revisions\/2324"}],"wp:featuredmedia":[{"embeddable":true,"href":"https:\/\/www.lodelmomentoloja.com\/index.php?rest_route=\/wp\/v2\/media\/2323"}],"wp:attachment":[{"href":"https:\/\/www.lodelmomentoloja.com\/index.php?rest_route=%2Fwp%2Fv2%2Fmedia&parent=2322"}],"wp:term":[{"taxonomy":"category","embeddable":true,"href":"https:\/\/www.lodelmomentoloja.com\/index.php?rest_route=%2Fwp%2Fv2%2Fcategories&post=2322"},{"taxonomy":"post_tag","embeddable":true,"href":"https:\/\/www.lodelmomentoloja.com\/index.php?rest_route=%2Fwp%2Fv2%2Ftags&post=2322"}],"curies":[{"name":"wp","href":"https:\/\/api.w.org\/{rel}","templated":true}]}}