{"id":2316,"date":"2021-02-05T14:29:14","date_gmt":"2021-02-05T14:29:14","guid":{"rendered":"http:\/\/www.lodelmomentoloja.com\/?p=2316"},"modified":"2021-02-05T19:30:48","modified_gmt":"2021-02-05T19:30:48","slug":"no-es-obligatoria-votar-de-acuerdo-al-numero-de-cedula","status":"publish","type":"post","link":"https:\/\/www.lodelmomentoloja.com\/?p=2316","title":{"rendered":"No es obligatoria votar de acuerdo al n\u00famero de c\u00e9dula."},"content":{"rendered":"<div class=\"kvgmc6g5 cxmmr5t8 oygrvhab hcukyx3x c1et5uql ii04i59q\">\n<div dir=\"auto\"><a class=\"oajrlxb2 g5ia77u1 qu0x051f esr5mh6w e9989ue4 r7d6kgcz rq0escxv nhd2j8a9 nc684nl6 p7hjln8o kvgmc6g5 cxmmr5t8 oygrvhab hcukyx3x jb3vyjys rz4wbd8a qt6c0cv9 a8nywdso i1ao9s8h esuyzwwr f1sip0of lzcic4wl q66pz984 gpro0wi8 b1v8xokw\" tabindex=\"0\" role=\"link\" href=\"https:\/\/www.facebook.com\/hashtag\/eleccionesec?__eep__=6&amp;__cft__[0]=AZXpF6GX2YVg8uTBWdc2A7Lh1xbpUAaX32TTJc0rPn-aFV-Q5jC1QaXYlPew_BeSIrO1LQBOc3G6JTt7QIjAK4o-pVhwW5YMs20VdLos5EQPdHBD_sIwSX8XScD9qvMjS0vu9VYBFsCvEkjqas4-p3MckxUdYM1cpepBTMFbSiqMWWcfwtB9Nyk8IiKGQf54g0I&amp;__tn__=*NK-R\">#EleccionesEc<\/a> | No es obligatoria votar de acuerdo al n\u00famero de c\u00e9dula.<\/div>\n<div dir=\"auto\"><\/div>\n<\/div>\n<div class=\"o9v6fnle cxmmr5t8 oygrvhab hcukyx3x c1et5uql ii04i59q\">\n<div dir=\"auto\">Este domingo 7 de febrero de 2021 los ecuatorianos deben asistir a las urnas para elegir binomio presidencial, asamble\u00edstas nacionales, provinciales, del exterior y parlamentarios andinos. El COE Nacional en d\u00edas pasado hab\u00eda sugerido al CNE, que se establezca horarios para que los ciudadanos asistan a votar de acuerdo al \u00faltimo digito de su c\u00e9dula.<\/div>\n<div dir=\"auto\"><\/div>\n<\/div>\n<div class=\"o9v6fnle cxmmr5t8 oygrvhab hcukyx3x c1et5uql ii04i59q\">\n<div dir=\"auto\">Sin embargo, el CNE plante\u00f3 esta media como opcional; entre las 07H00 a 12H00 cuyo \u00faltimo digito termine en n\u00famero par y de 12H00 a 17H00 cuyo digito termine en n\u00famero impar. Pero, esta medida es una SUGERENCIA sobre todo para las personas vulnerables al contagio de COVID-19. NO ES OBLIGATORIO regirse a este horario.<\/div>\n<div dir=\"auto\"><\/div>\n<\/div>\n<div class=\"o9v6fnle cxmmr5t8 oygrvhab hcukyx3x c1et5uql ii04i59q\">\n<div dir=\"auto\">El ciudadano puede ejercer el derecho al voto en el horario establecido en la ley de 07H00 a 17H00 del d\u00eda domingo 7 de febrero de 2021. Adem\u00e1s, los ecuatorianos deben asistir a las urnas con las debidas normas de seguridad las cuales implican: usar mascarilla, alcohol y su esfero con tinta azul o negra.<\/div>\n<div dir=\"auto\"><\/div>\n<\/div>\n<div class=\"o9v6fnle cxmmr5t8 oygrvhab hcukyx3x c1et5uql ii04i59q\">\n<div dir=\"auto\">Para quienes no asistan a votar, la multa ser\u00e1 del 10% de una remuneraci\u00f3n mensual unificada, es decir, $ 40. Si por razones de alguna enfermedad respiratoria aguda, fiebre, dificultad para respirar, dolor de cabeza o estuvo en contacto con un caso de COVID-19 confirmado o probable en los \u00faltimos 14 d\u00edas, no estar\u00e1n obligados y podr\u00e1n presentar certificados m\u00e9dicos p\u00fablicos o privados al el CNE para justificar su ausencia.<\/div>\n<div dir=\"auto\"><\/div>\n<\/div>\n<div class=\"o9v6fnle cxmmr5t8 oygrvhab hcukyx3x c1et5uql ii04i59q\">\n<div dir=\"auto\">Detalle: Las papeletas para elegir al binomio presidencial la marca de agua es de color verde.<\/div>\n<\/div>\n","protected":false},"excerpt":{"rendered":"<p>#EleccionesEc | No es obligatoria votar de acuerdo al n\u00famero de c\u00e9dula. Este domingo 7&#8230;<\/p>\n","protected":false},"author":1,"featured_media":2317,"comment_status":"open","ping_status":"open","sticky":false,"template":"","format":"standard","meta":{"footnotes":""},"categories":[1],"tags":[],"class_list":["post-2316","post","type-post","status-publish","format-standard","has-post-thumbnail","hentry","category-inicio"],"_links":{"self":[{"href":"https:\/\/www.lodelmomentoloja.com\/index.php?rest_route=\/wp\/v2\/posts\/2316"}],"collection":[{"href":"https:\/\/www.lodelmomentoloja.com\/index.php?rest_route=\/wp\/v2\/posts"}],"about":[{"href":"https:\/\/www.lodelmomentoloja.com\/index.php?rest_route=\/wp\/v2\/types\/post"}],"author":[{"embeddable":true,"href":"https:\/\/www.lodelmomentoloja.com\/index.php?rest_route=\/wp\/v2\/users\/1"}],"replies":[{"embeddable":true,"href":"https:\/\/www.lodelmomentoloja.com\/index.php?rest_route=%2Fwp%2Fv2%2Fcomments&post=2316"}],"version-history":[{"count":1,"href":"https:\/\/www.lodelmomentoloja.com\/index.php?rest_route=\/wp\/v2\/posts\/2316\/revisions"}],"predecessor-version":[{"id":2318,"href":"https:\/\/www.lodelmomentoloja.com\/index.php?rest_route=\/wp\/v2\/posts\/2316\/revisions\/2318"}],"wp:featuredmedia":[{"embeddable":true,"href":"https:\/\/www.lodelmomentoloja.com\/index.php?rest_route=\/wp\/v2\/media\/2317"}],"wp:attachment":[{"href":"https:\/\/www.lodelmomentoloja.com\/index.php?rest_route=%2Fwp%2Fv2%2Fmedia&parent=2316"}],"wp:term":[{"taxonomy":"category","embeddable":true,"href":"https:\/\/www.lodelmomentoloja.com\/index.php?rest_route=%2Fwp%2Fv2%2Fcategories&post=2316"},{"taxonomy":"post_tag","embeddable":true,"href":"https:\/\/www.lodelmomentoloja.com\/index.php?rest_route=%2Fwp%2Fv2%2Ftags&post=2316"}],"curies":[{"name":"wp","href":"https:\/\/api.w.org\/{rel}","templated":true}]}}