{"id":23146,"date":"2024-10-09T11:16:09","date_gmt":"2024-10-09T11:16:09","guid":{"rendered":"https:\/\/www.lodelmomentoloja.com\/?p=23146"},"modified":"2024-10-09T16:22:27","modified_gmt":"2024-10-09T16:22:27","slug":"hasta-10-horas-de-cortes-energeticos-vivira-ecuador-en-los-proximos-dias","status":"publish","type":"post","link":"https:\/\/www.lodelmomentoloja.com\/?p=23146","title":{"rendered":"Hasta 10 horas de cortes energ\u00e9ticos vivir\u00e1 ecuador en los pr\u00f3ximos d\u00edas"},"content":{"rendered":"<p>\u26a1\ud83d\ude31\ud83d\udde3\ufe0f \u00a1Reprogramaci\u00f3n de los cortes! La ma\u00f1ana de este mi\u00e9rcoles 09 de octubre de 2024, el ministro de Energ\u00eda, Antonio Goncalves anunci\u00f3 que los cortes de energ\u00eda ser\u00e1n de hasta 10 horas en todo el territorio ecuatoriano debido a la cr\u00edtica situaci\u00f3n que atraviesa el embalse de Mazar.<\/p>\n<div style=\"width: 640px;\" class=\"wp-video\"><!--[if lt IE 9]><script>document.createElement('video');<\/script><![endif]-->\n<video class=\"wp-video-shortcode\" id=\"video-23146-1\" width=\"640\" height=\"360\" preload=\"metadata\" controls=\"controls\"><source type=\"video\/mp4\" src=\"http:\/\/www.lodelmomentoloja.com\/wp-content\/uploads\/2024\/10\/10-HORAS-DE-CORTES-REDUCIDO.mp4?_=1\" \/><a href=\"http:\/\/www.lodelmomentoloja.com\/wp-content\/uploads\/2024\/10\/10-HORAS-DE-CORTES-REDUCIDO.mp4\">http:\/\/www.lodelmomentoloja.com\/wp-content\/uploads\/2024\/10\/10-HORAS-DE-CORTES-REDUCIDO.mp4<\/a><\/video><\/div>\n<p>Este fue el anuncio que realiz\u00f3 el ministro de Energ\u00eda, Antonio Goncalves, la ma\u00f1ana de este mi\u00e9rcoles 09 de octubre de 2024 sobre los nuevos horarios de apagones en el territorio ecuatoriano; mediante una cadena nacional el titular de la cartera de Estado expres\u00f3 que los cortes se reprogramar\u00e1n debido a la cr\u00edtica situaci\u00f3n que atraviesa el embalse de Mazar.<\/p>\n<p>La medida surge tras las advertencias del Cenace debido a la cota h\u00eddrica del embalse, incluso la Corporaci\u00f3n El\u00e9ctrica del Ecuador (Celec EP) indic\u00f3 que, hasta las 15h00 del martes 08 de octubre de 2024, su caudal era de 2.113,92 msnm.<\/p>\n<p>Por lo que ahora, la hidroel\u00e9ctrica estar\u00eda alrededor de cinco metros de parar su producci\u00f3n, poniendo en riesgo una de las principales turbinas del proyecto hidroel\u00e9ctrico Paute \u2013 Mazar.<\/p>\n<p>A ello se suma de Coca Codo Sinclair, la mayor hidroel\u00e9ctrica del pa\u00eds y que tambi\u00e9n se ha visto afectada por la sequ\u00eda, presenta limitaciones para la generaci\u00f3n el\u00e9ctrica, puesto de los 1500 MW de su capacidad, opera al 30% de la misma.<\/p>\n<p>Durante las \u00faltimas semanas Ecuador ha presenciado leves lluvias que, de momento, no son suficientes para afrontar una temporada de sequ\u00eda que ha superado las 10 horas.<\/p>\n<p>\ud83d\udcf2\u25b6\ufe0f Ver video completo en Youtube: https:\/\/youtu.be\/2l3KFrOLoko<\/p>\n<p>\ud83c\udf10\ud83d\udc49 S\u00edguenos en nuestra p\u00e1gina web: www.lodelmomentoloja.com<\/p>\n","protected":false},"excerpt":{"rendered":"<p>\u26a1\ud83d\ude31\ud83d\udde3\ufe0f \u00a1Reprogramaci\u00f3n de los cortes! La ma\u00f1ana de este mi\u00e9rcoles 09 de octubre de 2024,&#8230;<\/p>\n","protected":false},"author":1,"featured_media":23148,"comment_status":"open","ping_status":"open","sticky":false,"template":"","format":"standard","meta":{"footnotes":""},"categories":[7,1],"tags":[],"class_list":["post-23146","post","type-post","status-publish","format-standard","has-post-thumbnail","hentry","category-ecuador","category-inicio"],"_links":{"self":[{"href":"https:\/\/www.lodelmomentoloja.com\/index.php?rest_route=\/wp\/v2\/posts\/23146"}],"collection":[{"href":"https:\/\/www.lodelmomentoloja.com\/index.php?rest_route=\/wp\/v2\/posts"}],"about":[{"href":"https:\/\/www.lodelmomentoloja.com\/index.php?rest_route=\/wp\/v2\/types\/post"}],"author":[{"embeddable":true,"href":"https:\/\/www.lodelmomentoloja.com\/index.php?rest_route=\/wp\/v2\/users\/1"}],"replies":[{"embeddable":true,"href":"https:\/\/www.lodelmomentoloja.com\/index.php?rest_route=%2Fwp%2Fv2%2Fcomments&post=23146"}],"version-history":[{"count":1,"href":"https:\/\/www.lodelmomentoloja.com\/index.php?rest_route=\/wp\/v2\/posts\/23146\/revisions"}],"predecessor-version":[{"id":23149,"href":"https:\/\/www.lodelmomentoloja.com\/index.php?rest_route=\/wp\/v2\/posts\/23146\/revisions\/23149"}],"wp:featuredmedia":[{"embeddable":true,"href":"https:\/\/www.lodelmomentoloja.com\/index.php?rest_route=\/wp\/v2\/media\/23148"}],"wp:attachment":[{"href":"https:\/\/www.lodelmomentoloja.com\/index.php?rest_route=%2Fwp%2Fv2%2Fmedia&parent=23146"}],"wp:term":[{"taxonomy":"category","embeddable":true,"href":"https:\/\/www.lodelmomentoloja.com\/index.php?rest_route=%2Fwp%2Fv2%2Fcategories&post=23146"},{"taxonomy":"post_tag","embeddable":true,"href":"https:\/\/www.lodelmomentoloja.com\/index.php?rest_route=%2Fwp%2Fv2%2Ftags&post=23146"}],"curies":[{"name":"wp","href":"https:\/\/api.w.org\/{rel}","templated":true}]}}