{"id":23112,"date":"2024-10-08T12:37:57","date_gmt":"2024-10-08T12:37:57","guid":{"rendered":"https:\/\/www.lodelmomentoloja.com\/?p=23112"},"modified":"2024-10-08T18:14:59","modified_gmt":"2024-10-08T18:14:59","slug":"gestion-de-los-asambleistas-de-loja-en-los-diez-meses","status":"publish","type":"post","link":"https:\/\/www.lodelmomentoloja.com\/?p=23112","title":{"rendered":"Gesti\u00f3n de los asamble\u00edstas de Loja en los diez meses."},"content":{"rendered":"<p>Desde que la actual Asamblea Nacional asumi\u00f3 sus funciones el pasado 23 de noviembre 2023, han pasado m\u00e1s de diez meses desde que Jorge Guevara de ADN, Humberto Tapia de Construye, Rafael D\u00e1vila de Suma y Johanna Ortiz de Revoluci\u00f3n Ciudadana han completado m\u00e1s del 55% de los 18 meses que dura este nuevo periodo, dejando varias acciones, unos m\u00e1s cuestionables que otros, por lo que LDM ha realizado una recopilaci\u00f3n de su gesti\u00f3n en este tiempo.<\/p>\n<p><strong>\u00bfCu\u00e1nto han ganado los asamble\u00edstas y sus equipos hasta el momento?<\/strong><\/p>\n<p><img loading=\"lazy\" decoding=\"async\" class=\"size-medium wp-image-23115 aligncenter\" src=\"http:\/\/www.lodelmomentoloja.com\/wp-content\/uploads\/2024\/10\/3-1-266x300.jpg\" alt=\"\" width=\"266\" height=\"300\" srcset=\"https:\/\/www.lodelmomentoloja.com\/wp-content\/uploads\/2024\/10\/3-1-266x300.jpg 266w, https:\/\/www.lodelmomentoloja.com\/wp-content\/uploads\/2024\/10\/3-1-906x1024.jpg 906w, https:\/\/www.lodelmomentoloja.com\/wp-content\/uploads\/2024\/10\/3-1-768x868.jpg 768w, https:\/\/www.lodelmomentoloja.com\/wp-content\/uploads\/2024\/10\/3-1-640x723.jpg 640w, https:\/\/www.lodelmomentoloja.com\/wp-content\/uploads\/2024\/10\/3-1-1360x1536.jpg 1360w, https:\/\/www.lodelmomentoloja.com\/wp-content\/uploads\/2024\/10\/3-1-1813x2048.jpg 1813w, https:\/\/www.lodelmomentoloja.com\/wp-content\/uploads\/2024\/10\/3-1-1024x1157.jpg 1024w\" sizes=\"(max-width: 266px) 100vw, 266px\" \/><\/p>\n<p>Tras entrar en funciones el pasado 17 de noviembre del 2023, cada asamble\u00edsta cobra un salario de USD 4.759 d\u00f3lares. Por lo tanto, los cuatro representantes lojanos han recibido dicho salario, el mismo que tras el tiempo transcurrido hasta la actualidad (diez meses), se ha generado un total de USD 47.590 d\u00f3lares cada uno, haciendo un total de USD 190.360 d\u00f3lares en la suma total de los cuatro asamble\u00edstas hasta el momento.<\/p>\n<p>En cuanto a sus colaboradores, (asesores y asistentes) por asamble\u00edsta, se desglosa de la siguiente manera:<\/p>\n<p>\u2013 Asesor nivel 1: USD 3.014 d\u00f3lares<br \/>\n\u2013 Asesor nivel 2: USD 2.454 d\u00f3lares<br \/>\n\u2013 Asistente 1: USD 1.394 d\u00f3lares<br \/>\n\u2013 Asistente 2: USD 1.394 d\u00f3lares<\/p>\n<p>Dando un total de USD 8.256 (mensual) por cada equipo de un asamble\u00edsta, esto, multiplicado por el tiempo transcurrido hasta la actualidad (diez meses), se registra un total de USD 82.560 d\u00f3lares le cuesta al Estado cada equipo de trabajo de un asamble\u00edsta, considerando que son un equipo por cada legislador, han dado un total de USD 330.240<\/p>\n<p>En t\u00e9rminos generales, <strong>entre los cuatro legisladores y sus respectivos equipos, el pa\u00eds ha pagado USD 520.600 en salarios en representaci\u00f3n de la provincia de Loja<\/strong>.<\/p>\n<p><strong>\u00bfCu\u00e1ntos proyectos de ley han presentado?<\/strong><\/p>\n<p>Los cuatro asamble\u00edstas lojanos han presentado un total de 15 proyectos de reforma a la ley, los mismo que se han distribuido en lo siguiente:<\/p>\n<p><img loading=\"lazy\" decoding=\"async\" class=\"size-medium wp-image-23114 aligncenter\" src=\"http:\/\/www.lodelmomentoloja.com\/wp-content\/uploads\/2024\/10\/2-266x300.jpg\" alt=\"\" width=\"266\" height=\"300\" srcset=\"https:\/\/www.lodelmomentoloja.com\/wp-content\/uploads\/2024\/10\/2-266x300.jpg 266w, https:\/\/www.lodelmomentoloja.com\/wp-content\/uploads\/2024\/10\/2-906x1024.jpg 906w, https:\/\/www.lodelmomentoloja.com\/wp-content\/uploads\/2024\/10\/2-768x868.jpg 768w, https:\/\/www.lodelmomentoloja.com\/wp-content\/uploads\/2024\/10\/2-640x723.jpg 640w, https:\/\/www.lodelmomentoloja.com\/wp-content\/uploads\/2024\/10\/2-1360x1536.jpg 1360w, https:\/\/www.lodelmomentoloja.com\/wp-content\/uploads\/2024\/10\/2-1813x2048.jpg 1813w, https:\/\/www.lodelmomentoloja.com\/wp-content\/uploads\/2024\/10\/2-1024x1157.jpg 1024w\" sizes=\"(max-width: 266px) 100vw, 266px\" \/><\/p>\n<p>En primer lugar de los cuatro est\u00e1 el <strong>asamble\u00edsta de Construye Humberto Tapia <\/strong>con un total de 9 proyectos de ley, casi con un rango de un proyecto por mes.<\/p>\n<ul>\n<li><strong>Presentado el 12 de diciembre 2023.<\/strong><\/li>\n<li><strong>Presentado el 13 de junio 2024.<\/strong><\/li>\n<\/ul>\n<p>En segundo lugar se ubica el <strong>asamble\u00edsta oficialista de ADN, Jorge Guevara<\/strong> con un total de 3 proyectos de reforma a la ley hasta el momento.<\/p>\n<ul>\n<li><strong>Presentado el 08 de febrero 2024.<\/strong><\/li>\n<li><strong>Presentado el 30 de septiembre 2024.<\/strong><\/li>\n<li><strong>Presentado el 30 de septiembre 2024.<\/strong><\/li>\n<\/ul>\n<p><strong>Sin embargo, al no ser la \u00fanica funci\u00f3n en la Asamblea Nacional, puesto que Guevara es el Presidente de la Comisi\u00f3n de Salud y Deportes, cinco propuestas se han viabilizado, incluso, una de ellas pas\u00f3 en segundo debate que, finalmente, la ley Org\u00e1nica de Salud Mental, Aprobada en el pleno de la Asamblea, actualmente es una Ley de la Rep\u00fablica del Ecuador. <\/strong><\/p>\n<ul>\n<li><strong>Proyecto de Ley de Regulacio\u0301n para la Prevencio\u0301n y Control de Ca\u0301ncer Ce\u0301rvico Uterino<\/strong><\/li>\n<li><strong>\u00a0Proyecto de Ley para Prevenir y Erradicar la Malnutricio\u0301n en el Ecuador.<\/strong><\/li>\n<li><strong>Proyecto de Ley Orga\u0301nica de Cuidados Paliativos.<\/strong><\/li>\n<li><strong>Proyecto de Ley Orga\u0301nica a la Lactancia Materna <\/strong><\/li>\n<\/ul>\n<p>En tercer lugar de los cuatro esta<strong> Rafael D\u00e1vila <\/strong>quien por m\u00e1s de una d\u00e9cada figura de CREO, ahora se mantiene en SUMA, y <strong>ha presentado 2 proyectos de reforma a la ley<\/strong>.<\/p>\n<ul>\n<li><strong>Presentado el 07 de marzo 2024 <\/strong><\/li>\n<li><strong>Presentado el 29 de mayo 2024<\/strong><\/li>\n<\/ul>\n<p>Y en \u00faltimo lugar esta la asamble\u00edsta del corre\u00edsmo Johanna Ortiz, quien en este periodo se ha presentado solo un proyecto de ley.<\/p>\n<ul>\n<li><strong>Presentado el 22 de febrero 2024 y se encuentra en su etapa inicial.<br \/>\n<\/strong><\/li>\n<\/ul>\n<p><strong>\u00bfC\u00f3mo se desarrollaron al momento de votar desde su curul?<\/strong><\/p>\n<p>Las cifras est\u00e1n basadas al conteo que lleva el <em>Observatorio Legislativo con corte al 03 de septiembre 2024<\/em>, en cuanto al desempe\u00f1o de los asamble\u00edstas lojanos, estas son las cifras:<\/p>\n<ul>\n<li>Jorge Guevara (ADN).- de las 284 votaciones, 277 estuvieron a su cargo, siendo de la siguiente manera:<\/li>\n<\/ul>\n<p>Si: 113; No: 77; Abstenciones: 39; Ausencias: 48; y, 4 votos de su suplente.<\/p>\n<ul>\n<li>Humberto Tapia (Construye).- de las 284 votaciones, 282 estuvieron a su cargo, siendo lo siguiente:<\/li>\n<\/ul>\n<p>Si: 162; No: 59; Abstenciones: 38; Ausencias: 23; y, 0 votos de su suplente.<\/p>\n<ul>\n<li>Rafael D\u00e1vila (SUMA).- de las 284 votaciones, 269 estuvieron a su cargo, mismos que se distribuyen de la siguiente forma:<\/li>\n<\/ul>\n<p>Si: 128; No: 66; Abstenciones: 48; Ausencias: 28; y, 15 votos de su suplente.<\/p>\n<ul>\n<li>Johanna Ortiz (RC).- de las 284 votaciones, 274 estuvieron a su cargo, mismos que se distribuyen de la siguiente forma:<\/li>\n<\/ul>\n<p>Si: 166; No: 66; Abstenciones: 9; Ausencias: 33; y, 7 votos de su suplente.<\/p>\n<p><strong>Indicador de Leyes Aprobadas 2023\/2025<\/strong><\/p>\n<p>TOTAL 29<\/p>\n<p>Parte de la agenda parlamentaria 17<\/p>\n<p>Fuera de la agenda parlamentaria 12<\/p>\n<p><strong>\u00bfSu participaci\u00f3n en la curul?<\/strong><\/p>\n<p>Seg\u00fan los datos que reposan en la web de la Asamblea Nacional, as\u00ed ocuparon su curul los asamble\u00edstas de la provincia de Loja.<\/p>\n<table>\n<tbody>\n<tr>\n<td width=\"116\">Asamble\u00edstas<\/td>\n<td width=\"111\">Pedido de infor.<\/td>\n<td width=\"113\">Asistencia vot.<\/td>\n<td width=\"112\">Ausencia vot.<\/td>\n<td width=\"114\">Ocupaci\u00f3n Cu..<\/td>\n<\/tr>\n<tr>\n<td width=\"116\">D\u00e1vila<\/td>\n<td width=\"111\">29 \/ 26<\/td>\n<td width=\"113\">276<\/td>\n<td width=\"112\">30<\/td>\n<td width=\"114\">90,74%<\/td>\n<\/tr>\n<tr>\n<td width=\"116\">Guevara<\/td>\n<td width=\"111\">38\/37<\/td>\n<td width=\"113\">251<\/td>\n<td width=\"112\">39<\/td>\n<td width=\"114\">78,70%<\/td>\n<\/tr>\n<tr>\n<td width=\"116\">Ortiz<\/td>\n<td width=\"111\">54\/48<\/td>\n<td width=\"113\">279<\/td>\n<td width=\"112\">27<\/td>\n<td width=\"114\">91,67%<\/td>\n<\/tr>\n<tr>\n<td width=\"116\">Tapia<\/td>\n<td width=\"111\">17\/17<\/td>\n<td width=\"113\">297<\/td>\n<td width=\"112\">27<\/td>\n<td width=\"114\">91,67%<\/td>\n<\/tr>\n<\/tbody>\n<\/table>\n<p>&nbsp;<\/p>\n<table>\n<tbody>\n<tr>\n<td width=\"114\">Alternos<\/td>\n<td width=\"111\">Pedido de infor.<\/td>\n<td width=\"114\">Asistencia vot.<\/td>\n<td width=\"113\">Ausencia vot.<\/td>\n<td width=\"114\">Ocupaci\u00f3n Cu..<\/td>\n<\/tr>\n<tr>\n<td width=\"114\">Gabriela Jumbo<\/td>\n<td width=\"111\"><\/td>\n<td width=\"114\">18<\/td>\n<td width=\"113\">0<\/td>\n<td width=\"114\"><\/td>\n<\/tr>\n<tr>\n<td width=\"114\">Elsy Rojas<\/td>\n<td width=\"111\"><\/td>\n<td width=\"114\">4<\/td>\n<td width=\"113\">0<\/td>\n<td width=\"114\"><\/td>\n<\/tr>\n<tr>\n<td width=\"114\">Enmanuel<\/td>\n<td width=\"111\"><\/td>\n<td width=\"114\">12<\/td>\n<td width=\"113\">0<\/td>\n<td width=\"114\"><\/td>\n<\/tr>\n<tr>\n<td width=\"114\">Fern. Yaguachi<\/td>\n<td width=\"111\"><\/td>\n<td width=\"114\">0<\/td>\n<td width=\"113\">0<\/td>\n<td width=\"114\"><\/td>\n<\/tr>\n<\/tbody>\n<\/table>\n<p><strong>\ud83c\udf10\ud83d\udc49<\/strong>S\u00edguenos en nuestra p\u00e1gina web: www.lodelmomentoloja.com<\/p>\n","protected":false},"excerpt":{"rendered":"<p>Desde que la actual Asamblea Nacional asumi\u00f3 sus funciones el pasado 23 de noviembre 2023,&#8230;<\/p>\n","protected":false},"author":1,"featured_media":23113,"comment_status":"open","ping_status":"open","sticky":false,"template":"","format":"standard","meta":{"footnotes":""},"categories":[7,1,5],"tags":[],"class_list":["post-23112","post","type-post","status-publish","format-standard","has-post-thumbnail","hentry","category-ecuador","category-inicio","category-loja"],"_links":{"self":[{"href":"https:\/\/www.lodelmomentoloja.com\/index.php?rest_route=\/wp\/v2\/posts\/23112"}],"collection":[{"href":"https:\/\/www.lodelmomentoloja.com\/index.php?rest_route=\/wp\/v2\/posts"}],"about":[{"href":"https:\/\/www.lodelmomentoloja.com\/index.php?rest_route=\/wp\/v2\/types\/post"}],"author":[{"embeddable":true,"href":"https:\/\/www.lodelmomentoloja.com\/index.php?rest_route=\/wp\/v2\/users\/1"}],"replies":[{"embeddable":true,"href":"https:\/\/www.lodelmomentoloja.com\/index.php?rest_route=%2Fwp%2Fv2%2Fcomments&post=23112"}],"version-history":[{"count":2,"href":"https:\/\/www.lodelmomentoloja.com\/index.php?rest_route=\/wp\/v2\/posts\/23112\/revisions"}],"predecessor-version":[{"id":23117,"href":"https:\/\/www.lodelmomentoloja.com\/index.php?rest_route=\/wp\/v2\/posts\/23112\/revisions\/23117"}],"wp:featuredmedia":[{"embeddable":true,"href":"https:\/\/www.lodelmomentoloja.com\/index.php?rest_route=\/wp\/v2\/media\/23113"}],"wp:attachment":[{"href":"https:\/\/www.lodelmomentoloja.com\/index.php?rest_route=%2Fwp%2Fv2%2Fmedia&parent=23112"}],"wp:term":[{"taxonomy":"category","embeddable":true,"href":"https:\/\/www.lodelmomentoloja.com\/index.php?rest_route=%2Fwp%2Fv2%2Fcategories&post=23112"},{"taxonomy":"post_tag","embeddable":true,"href":"https:\/\/www.lodelmomentoloja.com\/index.php?rest_route=%2Fwp%2Fv2%2Ftags&post=23112"}],"curies":[{"name":"wp","href":"https:\/\/api.w.org\/{rel}","templated":true}]}}