{"id":23105,"date":"2024-10-08T11:52:44","date_gmt":"2024-10-08T11:52:44","guid":{"rendered":"https:\/\/www.lodelmomentoloja.com\/?p=23105"},"modified":"2024-10-08T16:57:53","modified_gmt":"2024-10-08T16:57:53","slug":"la-hidroelectrica-de-mazar-opera-al-limite-de-su-capacidad","status":"publish","type":"post","link":"https:\/\/www.lodelmomentoloja.com\/?p=23105","title":{"rendered":"La hidroel\u00e9ctrica de Mazar opera al l\u00edmite de su capacidad"},"content":{"rendered":"<p>\ud83d\udea8\ud83d\udc40\ud83e\uddd0 \u00a1Al borde del colapso! Pese a las advertencias del Cenace para mantener los racionamientos energ\u00e9ticos entre 8 y 10 horas, el Gobierno Nacional anunci\u00f3 la reducci\u00f3n de cortes a 4 horas, lo que pone en alerta al sector el\u00e9ctrico, ya que, para el 07 de octubre el caudal ya hab\u00eda ca\u00eddo a los 2.115,9 msnm y, seg\u00fan la entidad, en los pr\u00f3ximos d\u00edas alcanzar\u00eda los 2.110 msnm lo provocar\u00eda la inoperatividad de Mazar, causando que Ecuador viva apagones de manera inesperada y con horarios m\u00e1s extensos.<\/p>\n<div style=\"width: 640px;\" class=\"wp-video\"><!--[if lt IE 9]><script>document.createElement('video');<\/script><![endif]-->\n<video class=\"wp-video-shortcode\" id=\"video-23105-1\" width=\"640\" height=\"360\" preload=\"metadata\" controls=\"controls\"><source type=\"video\/mp4\" src=\"http:\/\/www.lodelmomentoloja.com\/wp-content\/uploads\/2024\/10\/MAZAR-AL-BORDE-DEL-COLAPSO-REDUCIDO.mp4?_=1\" \/><a href=\"http:\/\/www.lodelmomentoloja.com\/wp-content\/uploads\/2024\/10\/MAZAR-AL-BORDE-DEL-COLAPSO-REDUCIDO.mp4\">http:\/\/www.lodelmomentoloja.com\/wp-content\/uploads\/2024\/10\/MAZAR-AL-BORDE-DEL-COLAPSO-REDUCIDO.mp4<\/a><\/video><\/div>\n<p>El pasado 02 de octubre de 2024, al Operador Nacional de Electricidad (Cenace) le advirti\u00f3 al Ministerio de Energ\u00eda la necesidad de incrementar los racionamientos de energ\u00eda cuyo fin sea evitar un posible colapso de la central hidroel\u00e9ctrica de Mazar; sin embargo y, pese a las sugerencias, el Gobierno decidi\u00f3 reducir a 4 horas los cronogramas de cortes de luz.<\/p>\n<p>El Cenace propuso que, en la semana del 07 al 13 de octubre, los cortes sean de al menos el 24% de la demanda, es decir, entre 8 y 10 horas para evitar la disminuci\u00f3n de reservas de la hidroel\u00e9ctrica.<\/p>\n<p>Una de las consecuencias, seg\u00fan el Operador Nacional, ser\u00edan los \u201cracionamientos forzosos, sin control en la programaci\u00f3n y toma de decisiones de corte de carga en la operaci\u00f3n en tiempo real\u201d, es decir, el Ecuador podr\u00eda vivir apagones sin previo aviso y posiblemente m\u00e1s extensos, pese a las promesas del Gobierno de reducir los apagones.<\/p>\n<p>A ello se suma el anuncio del Gobierno Colombiano de dejar de exportar energ\u00eda a Ecuador, aporte que representa entre el 10% y 15% de la oferta total del pa\u00eds. Por lo que el Gobierno de Noboa pretende compensar la crisis con racionamientos en el sector empresarial, pues el Ministerio de Energ\u00eda inform\u00f3 la decisi\u00f3n de reducir hasta el 100% de la energ\u00eda a la industria en un horario de 08h00 a 18h00.<\/p>\n<p>No obstante, el Cenace sugiri\u00f3 a la cartera de Estado, mantener acercamientos con el sector industrial para reducir el consumo el\u00e9ctrico, considerando que las empresas tienen la capacidad de generaci\u00f3n propia de hasta 250 MW a escala nacional.<\/p>\n<p>Sin embargo, para los expertos, esta medida no lograr\u00e1 la extinci\u00f3n de los apagones, puesto que el embalse de Mazar contin\u00faa operando al l\u00edmite de su capacidad.<\/p>\n<p>En conclusi\u00f3n, el Cenace advirti\u00f3 que la reducci\u00f3n de los horarios para los racionamientos energ\u00e9ticos podr\u00eda empeorar la situaci\u00f3n de Mazar, ya que, para el 07 de octubre el caudal ya hab\u00eda ca\u00eddo a los 2.115,9 msnm y, seg\u00fan la entidad, en los pr\u00f3ximos d\u00edas alcanzar\u00eda los 2.110 msnm lo provocar\u00eda la inoperatividad de Mazar.<\/p>\n<p>\ud83d\udcf2\u25b6\ufe0f Ver video completo en Youtube: https:\/\/youtu.be\/s4Xn4yU4qbE<\/p>\n<p>\ud83c\udf10\ud83d\udc49 S\u00edguenos en nuestra p\u00e1gina web: www.lodelmomentoloja.com<\/p>\n","protected":false},"excerpt":{"rendered":"<p>\ud83d\udea8\ud83d\udc40\ud83e\uddd0 \u00a1Al borde del colapso! Pese a las advertencias del Cenace para mantener los racionamientos&#8230;<\/p>\n","protected":false},"author":1,"featured_media":23106,"comment_status":"open","ping_status":"open","sticky":false,"template":"","format":"standard","meta":{"footnotes":""},"categories":[7,1,5],"tags":[],"class_list":["post-23105","post","type-post","status-publish","format-standard","has-post-thumbnail","hentry","category-ecuador","category-inicio","category-loja"],"_links":{"self":[{"href":"https:\/\/www.lodelmomentoloja.com\/index.php?rest_route=\/wp\/v2\/posts\/23105"}],"collection":[{"href":"https:\/\/www.lodelmomentoloja.com\/index.php?rest_route=\/wp\/v2\/posts"}],"about":[{"href":"https:\/\/www.lodelmomentoloja.com\/index.php?rest_route=\/wp\/v2\/types\/post"}],"author":[{"embeddable":true,"href":"https:\/\/www.lodelmomentoloja.com\/index.php?rest_route=\/wp\/v2\/users\/1"}],"replies":[{"embeddable":true,"href":"https:\/\/www.lodelmomentoloja.com\/index.php?rest_route=%2Fwp%2Fv2%2Fcomments&post=23105"}],"version-history":[{"count":1,"href":"https:\/\/www.lodelmomentoloja.com\/index.php?rest_route=\/wp\/v2\/posts\/23105\/revisions"}],"predecessor-version":[{"id":23108,"href":"https:\/\/www.lodelmomentoloja.com\/index.php?rest_route=\/wp\/v2\/posts\/23105\/revisions\/23108"}],"wp:featuredmedia":[{"embeddable":true,"href":"https:\/\/www.lodelmomentoloja.com\/index.php?rest_route=\/wp\/v2\/media\/23106"}],"wp:attachment":[{"href":"https:\/\/www.lodelmomentoloja.com\/index.php?rest_route=%2Fwp%2Fv2%2Fmedia&parent=23105"}],"wp:term":[{"taxonomy":"category","embeddable":true,"href":"https:\/\/www.lodelmomentoloja.com\/index.php?rest_route=%2Fwp%2Fv2%2Fcategories&post=23105"},{"taxonomy":"post_tag","embeddable":true,"href":"https:\/\/www.lodelmomentoloja.com\/index.php?rest_route=%2Fwp%2Fv2%2Ftags&post=23105"}],"curies":[{"name":"wp","href":"https:\/\/api.w.org\/{rel}","templated":true}]}}