{"id":2309,"date":"2021-02-05T09:00:43","date_gmt":"2021-02-05T09:00:43","guid":{"rendered":"http:\/\/www.lodelmomentoloja.com\/?p=2309"},"modified":"2021-02-05T15:42:24","modified_gmt":"2021-02-05T15:42:24","slug":"fiscalia-general-del-estado-acusa-a-g-pazmino","status":"publish","type":"post","link":"https:\/\/www.lodelmomentoloja.com\/?p=2309","title":{"rendered":"Fiscal\u00eda General del Estado acusa a G. Pazmi\u00f1o."},"content":{"rendered":"<div class=\"kvgmc6g5 cxmmr5t8 oygrvhab hcukyx3x c1et5uql ii04i59q\">\n<div dir=\"auto\"><a class=\"oajrlxb2 g5ia77u1 qu0x051f esr5mh6w e9989ue4 r7d6kgcz rq0escxv nhd2j8a9 nc684nl6 p7hjln8o kvgmc6g5 cxmmr5t8 oygrvhab hcukyx3x jb3vyjys rz4wbd8a qt6c0cv9 a8nywdso i1ao9s8h esuyzwwr f1sip0of lzcic4wl q66pz984 gpro0wi8 b1v8xokw\" tabindex=\"0\" role=\"link\" href=\"https:\/\/www.facebook.com\/hashtag\/guayas?__eep__=6&amp;__cft__[0]=AZWlJnipTZ_EL7frtuVTz4IALPgrPWQR-AqbK2bU2K_xnCUoPKZGJlFrA83SgaiATk4f1_HeLa13lHL9HDdwfOGJi35Y0OKZz38EdUw_s87FMmfScBjO9Bi4pSf_2rjEM4cmvpncEM3kAMqE-I4eXvUEDWfctu2qm0FON4to8IDinuprQ_T2eSnWsHZr-TYoLqM&amp;__tn__=*NK-R\">#Guayas<\/a> | Presunta participaci\u00f3n de delincuencia organizada.<\/div>\n<div dir=\"auto\"><\/div>\n<\/div>\n<div class=\"o9v6fnle cxmmr5t8 oygrvhab hcukyx3x c1et5uql ii04i59q\">\n<div dir=\"auto\">La Fiscal Provincial del Guayas revoca dictamen abstentivo que se hab\u00eda emitido a favor de Michele B. P. y Gabriela P. P., y los acusa por su presunta participaci\u00f3n en el delito de delincuencia organizada, en grado de coautores.<\/div>\n<div dir=\"auto\"><\/div>\n<\/div>\n<div class=\"o9v6fnle cxmmr5t8 oygrvhab hcukyx3x c1et5uql ii04i59q\">\n<div dir=\"auto\">Adem\u00e1s, remiti\u00f3 a la Sala de Sorteos del Guayas la copia certificada del proceso para el inicio de una investigaci\u00f3n contra los 2 ciudadanos, adem\u00e1s de Stefano A. C., C\u00e9sar R. F., Jorge P. R., Jonathan F. S. y otros, por presunto enriquecimiento privado no justificado.<\/div>\n<div dir=\"auto\"><\/div>\n<\/div>\n<div class=\"o9v6fnle cxmmr5t8 oygrvhab hcukyx3x c1et5uql ii04i59q\">\n<div dir=\"auto\">En el caso por presunta delincuencia organizada tambi\u00e9n est\u00e1n vinculados, entre otros, Jacobo y Abdal\u00e1 B. P., y Pa\u00fal G., expresidente del Directorio del IESS. Fiscal\u00edaEc investiga presunta venta irregular de medicamentos en hospitales del Seguro Social.<\/div>\n<\/div>\n<div class=\"o9v6fnle cxmmr5t8 oygrvhab hcukyx3x c1et5uql ii04i59q\">\n<div dir=\"auto\">Fuente: Fiscal\u00eda General del Estado.<\/div>\n<\/div>\n","protected":false},"excerpt":{"rendered":"<p>#Guayas | Presunta participaci\u00f3n de delincuencia organizada. La Fiscal Provincial del Guayas revoca dictamen abstentivo&#8230;<\/p>\n","protected":false},"author":1,"featured_media":2310,"comment_status":"open","ping_status":"open","sticky":false,"template":"","format":"standard","meta":{"footnotes":""},"categories":[1],"tags":[],"class_list":["post-2309","post","type-post","status-publish","format-standard","has-post-thumbnail","hentry","category-inicio"],"_links":{"self":[{"href":"https:\/\/www.lodelmomentoloja.com\/index.php?rest_route=\/wp\/v2\/posts\/2309"}],"collection":[{"href":"https:\/\/www.lodelmomentoloja.com\/index.php?rest_route=\/wp\/v2\/posts"}],"about":[{"href":"https:\/\/www.lodelmomentoloja.com\/index.php?rest_route=\/wp\/v2\/types\/post"}],"author":[{"embeddable":true,"href":"https:\/\/www.lodelmomentoloja.com\/index.php?rest_route=\/wp\/v2\/users\/1"}],"replies":[{"embeddable":true,"href":"https:\/\/www.lodelmomentoloja.com\/index.php?rest_route=%2Fwp%2Fv2%2Fcomments&post=2309"}],"version-history":[{"count":1,"href":"https:\/\/www.lodelmomentoloja.com\/index.php?rest_route=\/wp\/v2\/posts\/2309\/revisions"}],"predecessor-version":[{"id":2311,"href":"https:\/\/www.lodelmomentoloja.com\/index.php?rest_route=\/wp\/v2\/posts\/2309\/revisions\/2311"}],"wp:featuredmedia":[{"embeddable":true,"href":"https:\/\/www.lodelmomentoloja.com\/index.php?rest_route=\/wp\/v2\/media\/2310"}],"wp:attachment":[{"href":"https:\/\/www.lodelmomentoloja.com\/index.php?rest_route=%2Fwp%2Fv2%2Fmedia&parent=2309"}],"wp:term":[{"taxonomy":"category","embeddable":true,"href":"https:\/\/www.lodelmomentoloja.com\/index.php?rest_route=%2Fwp%2Fv2%2Fcategories&post=2309"},{"taxonomy":"post_tag","embeddable":true,"href":"https:\/\/www.lodelmomentoloja.com\/index.php?rest_route=%2Fwp%2Fv2%2Ftags&post=2309"}],"curies":[{"name":"wp","href":"https:\/\/api.w.org\/{rel}","templated":true}]}}