{"id":23071,"date":"2024-10-07T10:18:53","date_gmt":"2024-10-07T10:18:53","guid":{"rendered":"https:\/\/www.lodelmomentoloja.com\/?p=23071"},"modified":"2024-10-07T18:17:15","modified_gmt":"2024-10-07T18:17:15","slug":"arzobispo-de-guayaquil-fue-designado-por-el-papa-francisco-como-cardenal-de-ecuador","status":"publish","type":"post","link":"https:\/\/www.lodelmomentoloja.com\/?p=23071","title":{"rendered":"Arzobispo de Guayaquil fue designado por el papa Francisco, como Cardenal de Ecuador."},"content":{"rendered":"<p>\u26ea\ud83d\udc4f\ud83c\udffb\ud83d\udcff \u00a1Muy buena elecci\u00f3n! El papa Francisco anunci\u00f3 este domingo 6 de octubre el nombramiento de 21 nuevos cardenales, apuntando de este modo su sucesi\u00f3n en un futuro c\u00f3nclave y reforzando el peso de Sudam\u00e9rica, con cinco purpurados elegidos en Argentina, Chile, Per\u00fa, Ecuador y Brasil. De esta manera, Luis Gerardo Cabrera Herrera, arzobispo de Guayaquil, se convierte en el sexto cardenal ecuatoriano de la historia. En\u00a02009, el papa Benedicto XVI nombr\u00f3 a Cabrera como Arzobispo de Cuenca. Y\u00a0en 2015, el papa Francisco lo nombr\u00f3 Arzobispo de Guayaquil.<\/p>\n<p>\ud83c\udf10\ud83d\udc49 S\u00edguenos en nuestra p\u00e1gina web: www.lodelmomentoloja.com<\/p>\n","protected":false},"excerpt":{"rendered":"<p>\u26ea\ud83d\udc4f\ud83c\udffb\ud83d\udcff \u00a1Muy buena elecci\u00f3n! El papa Francisco anunci\u00f3 este domingo 6 de octubre el nombramiento&#8230;<\/p>\n","protected":false},"author":1,"featured_media":23072,"comment_status":"open","ping_status":"open","sticky":false,"template":"","format":"standard","meta":{"footnotes":""},"categories":[7,1,4],"tags":[],"class_list":["post-23071","post","type-post","status-publish","format-standard","has-post-thumbnail","hentry","category-ecuador","category-inicio","category-internacional"],"_links":{"self":[{"href":"https:\/\/www.lodelmomentoloja.com\/index.php?rest_route=\/wp\/v2\/posts\/23071"}],"collection":[{"href":"https:\/\/www.lodelmomentoloja.com\/index.php?rest_route=\/wp\/v2\/posts"}],"about":[{"href":"https:\/\/www.lodelmomentoloja.com\/index.php?rest_route=\/wp\/v2\/types\/post"}],"author":[{"embeddable":true,"href":"https:\/\/www.lodelmomentoloja.com\/index.php?rest_route=\/wp\/v2\/users\/1"}],"replies":[{"embeddable":true,"href":"https:\/\/www.lodelmomentoloja.com\/index.php?rest_route=%2Fwp%2Fv2%2Fcomments&post=23071"}],"version-history":[{"count":1,"href":"https:\/\/www.lodelmomentoloja.com\/index.php?rest_route=\/wp\/v2\/posts\/23071\/revisions"}],"predecessor-version":[{"id":23073,"href":"https:\/\/www.lodelmomentoloja.com\/index.php?rest_route=\/wp\/v2\/posts\/23071\/revisions\/23073"}],"wp:featuredmedia":[{"embeddable":true,"href":"https:\/\/www.lodelmomentoloja.com\/index.php?rest_route=\/wp\/v2\/media\/23072"}],"wp:attachment":[{"href":"https:\/\/www.lodelmomentoloja.com\/index.php?rest_route=%2Fwp%2Fv2%2Fmedia&parent=23071"}],"wp:term":[{"taxonomy":"category","embeddable":true,"href":"https:\/\/www.lodelmomentoloja.com\/index.php?rest_route=%2Fwp%2Fv2%2Fcategories&post=23071"},{"taxonomy":"post_tag","embeddable":true,"href":"https:\/\/www.lodelmomentoloja.com\/index.php?rest_route=%2Fwp%2Fv2%2Ftags&post=23071"}],"curies":[{"name":"wp","href":"https:\/\/api.w.org\/{rel}","templated":true}]}}