{"id":2306,"date":"2021-02-05T08:05:31","date_gmt":"2021-02-05T08:05:31","guid":{"rendered":"http:\/\/www.lodelmomentoloja.com\/?p=2306"},"modified":"2021-02-05T15:39:17","modified_gmt":"2021-02-05T15:39:17","slug":"detienen-a-vinculados-con-el-asesinato-de-efrain-r","status":"publish","type":"post","link":"https:\/\/www.lodelmomentoloja.com\/?p=2306","title":{"rendered":"Detienen a vinculados con el asesinato de Efra\u00edn R."},"content":{"rendered":"<div class=\"kvgmc6g5 cxmmr5t8 oygrvhab hcukyx3x c1et5uql ii04i59q\">\n<div dir=\"auto\">[URGENTE] | Detienen a dos sujetos vinculados al asesinato de Efra\u00edn.<\/div>\n<div dir=\"auto\"><\/div>\n<\/div>\n<div class=\"o9v6fnle cxmmr5t8 oygrvhab hcukyx3x c1et5uql ii04i59q\">\n<div dir=\"auto\">La Polic\u00eda y la Fiscal\u00eda, en la madrugada del 5 de febrero ejecut\u00f3 2 allanamientos en Guayaquil de los que dio como resultado la detenci\u00f3n de 2 sospechosos relacionados en la investigaci\u00f3n por el asesinato del presentador de televisi\u00f3n Efra\u00edn Ruales, en el incautaron varios indicios asociativos al hecho.<\/div>\n<div dir=\"auto\"><\/div>\n<\/div>\n<div class=\"o9v6fnle cxmmr5t8 oygrvhab hcukyx3x c1et5uql ii04i59q\">\n<div dir=\"auto\">A trav\u00e9s de la cuenta de Twitter, el ministro de Gobierno, Patricio Pazmi\u00f1o, y la Polic\u00eda Nacional afirmaron haber detenido a dos personas y se tratar\u00eda de un hombre y una mujer relacionados con el asesinato del actor: &#8220;Un trabajo t\u00e9cnico- profesional de Polic\u00eda y Fiscal\u00eda para evitar impunidad. La coordinaci\u00f3n interinstitucional efectiva en la investigaci\u00f3n del asesinato de Efra\u00edn R, entrega indicios ciertos y correlaciona eventos con dos sujetos hoy detenidos y la autor\u00eda material del hecho&#8221;, mencionaba el Ministro Pazmi\u00f1o.<\/div>\n<div dir=\"auto\"><\/div>\n<\/div>\n<div class=\"o9v6fnle cxmmr5t8 oygrvhab hcukyx3x c1et5uql ii04i59q\">\n<div dir=\"auto\">En esta imagen, el rostro fue cubierto por la Polic\u00eda Nacional.<\/div>\n<\/div>\n","protected":false},"excerpt":{"rendered":"<p>[URGENTE] | Detienen a dos sujetos vinculados al asesinato de Efra\u00edn. La Polic\u00eda y la&#8230;<\/p>\n","protected":false},"author":1,"featured_media":2307,"comment_status":"open","ping_status":"open","sticky":false,"template":"","format":"standard","meta":{"footnotes":""},"categories":[1],"tags":[],"class_list":["post-2306","post","type-post","status-publish","format-standard","has-post-thumbnail","hentry","category-inicio"],"_links":{"self":[{"href":"https:\/\/www.lodelmomentoloja.com\/index.php?rest_route=\/wp\/v2\/posts\/2306"}],"collection":[{"href":"https:\/\/www.lodelmomentoloja.com\/index.php?rest_route=\/wp\/v2\/posts"}],"about":[{"href":"https:\/\/www.lodelmomentoloja.com\/index.php?rest_route=\/wp\/v2\/types\/post"}],"author":[{"embeddable":true,"href":"https:\/\/www.lodelmomentoloja.com\/index.php?rest_route=\/wp\/v2\/users\/1"}],"replies":[{"embeddable":true,"href":"https:\/\/www.lodelmomentoloja.com\/index.php?rest_route=%2Fwp%2Fv2%2Fcomments&post=2306"}],"version-history":[{"count":1,"href":"https:\/\/www.lodelmomentoloja.com\/index.php?rest_route=\/wp\/v2\/posts\/2306\/revisions"}],"predecessor-version":[{"id":2308,"href":"https:\/\/www.lodelmomentoloja.com\/index.php?rest_route=\/wp\/v2\/posts\/2306\/revisions\/2308"}],"wp:featuredmedia":[{"embeddable":true,"href":"https:\/\/www.lodelmomentoloja.com\/index.php?rest_route=\/wp\/v2\/media\/2307"}],"wp:attachment":[{"href":"https:\/\/www.lodelmomentoloja.com\/index.php?rest_route=%2Fwp%2Fv2%2Fmedia&parent=2306"}],"wp:term":[{"taxonomy":"category","embeddable":true,"href":"https:\/\/www.lodelmomentoloja.com\/index.php?rest_route=%2Fwp%2Fv2%2Fcategories&post=2306"},{"taxonomy":"post_tag","embeddable":true,"href":"https:\/\/www.lodelmomentoloja.com\/index.php?rest_route=%2Fwp%2Fv2%2Ftags&post=2306"}],"curies":[{"name":"wp","href":"https:\/\/api.w.org\/{rel}","templated":true}]}}