{"id":23051,"date":"2024-10-04T11:46:25","date_gmt":"2024-10-04T11:46:25","guid":{"rendered":"https:\/\/www.lodelmomentoloja.com\/?p=23051"},"modified":"2024-10-04T17:14:59","modified_gmt":"2024-10-04T17:14:59","slug":"profesionales-ecuatorianos-migran-al-exterior-por-falta-de-empleo","status":"publish","type":"post","link":"https:\/\/www.lodelmomentoloja.com\/?p=23051","title":{"rendered":"Profesionales ecuatorianos migran al exterior por falta de empleo"},"content":{"rendered":"<p>\ud83c\udf93\ud83d\udeab\ud83d\udc69\ud83c\udffb\u200d\ud83c\udfeb \u00a1No queda m\u00e1s! J\u00f3venes profesionales se han visto obligados en migrar de su pa\u00eds con el fin de encontrar un futuro mejor. Este es el caso de Daniel Cadena, un joven de 26 a\u00f1os de edad graduado como Qu\u00edmico Farmac\u00e9utico de la Universidad Central del Ecuador en febrero pasado, su testimonio revela la situaci\u00f3n de muchos j\u00f3venes m\u00e1s quienes que hoy en d\u00eda se encuentran en el exterior, ya que, en estudio reciente, se\u00f1ala que cerca del 70% de profesionales en Ecuador no tiene el trabajo so\u00f1ado.<\/p>\n<div style=\"width: 640px;\" class=\"wp-video\"><!--[if lt IE 9]><script>document.createElement('video');<\/script><![endif]-->\n<video class=\"wp-video-shortcode\" id=\"video-23051-1\" width=\"640\" height=\"360\" preload=\"metadata\" controls=\"controls\"><source type=\"video\/mp4\" src=\"http:\/\/www.lodelmomentoloja.com\/wp-content\/uploads\/2024\/10\/PROFESIONALES-SIN-EMPLEO-REDUCIDO.mp4?_=1\" \/><a href=\"http:\/\/www.lodelmomentoloja.com\/wp-content\/uploads\/2024\/10\/PROFESIONALES-SIN-EMPLEO-REDUCIDO.mp4\">http:\/\/www.lodelmomentoloja.com\/wp-content\/uploads\/2024\/10\/PROFESIONALES-SIN-EMPLEO-REDUCIDO.mp4<\/a><\/video><\/div>\n<p>Aunque el presidente Daniel Noboa ha manifestado que, durante su Gobierno se han creado m\u00e1s de 60 00 plazas de empleo para j\u00f3venes de entre 18 y 29 a\u00f1os, la realidad parece ser completamente diferente, puesto que la falta de vacantes ha orillado que m\u00e1s j\u00f3venes abandonen el pa\u00eds, en busca de mejores oportunidades.<\/p>\n<p>Este es el caso de Daniel Cadena, un joven de 26 a\u00f1os de edad graduado como Qu\u00edmico Farmac\u00e9utico de la Universidad Central del Ecuador en febrero pasado; en su testimonio recopilado por la Revista Vistazo, detalla las necesidades que ha afrontado durante los \u00faltimos meses para conseguir un empleo.<\/p>\n<p>Seg\u00fan el portal, Cadena \u201caplic\u00f3 a varias vacantes a trav\u00e9s de p\u00e1ginas web, dej\u00f3 su curr\u00edculum en empresas y logr\u00f3 dos entrevistas gracias a recomendaciones\u201d, sin embargo, sus esfuerzos no rindieron fruto, pues la revista detalla que, aunque pose\u00eda todos los conocimientos necesarios en su rama, el no contar con m\u00e1s de 5 a\u00f1os de experiencia que solicitan algunas empresas, representa un obst\u00e1culo para quedarse con el puesto. Incluso, el joven indica que ni las pasant\u00edas realizadas en hospitales y centros de salud son suficientes, puesto que los empleadores no las consideran como experiencia laboral.<\/p>\n<p>Por lo que ahora, se ha visto obligado en migrar de su pa\u00eds con el fin de encontrar un futuro mejor. Casos como estos son varios, pues muchos profesionales, hoy en d\u00eda, han dejado su oficio de lado para dedicarse a otra ocupaci\u00f3n que garantice ingresos econ\u00f3micos rentables.<\/p>\n<p>Un estudio reciente de la plataforma Multitrabajos, se\u00f1ala que cerca del 70% de profesionales en Ecuador no tiene el trabajo so\u00f1ado, adem\u00e1s, el 56% expresa su frustraci\u00f3n por lo alcanzar su meta laboral.<\/p>\n<p>Dando paso a una tasa de migraci\u00f3n que incrementa cada a\u00f1o, en 2022, 113.931 ecuatorianos salieron del pa\u00eds, pero no regresaron, para 2023, la cifra aument\u00f3 a 121.283 y en lo que va del 2024, el n\u00famero de migrantes va llegando a los 100.844 ciudadanos que a\u00fan se encuentran en el exterior.<\/p>\n<p>\ud83d\udcf2\u25b6\ufe0f Ver video completo en Youtube: https:\/\/youtu.be\/_oTE9276_Zs<\/p>\n<p>\ud83c\udf10\ud83d\udc49 S\u00edguenos en nuestra p\u00e1gina web: www.lodelmomentoloja.com<\/p>\n","protected":false},"excerpt":{"rendered":"<p>\ud83c\udf93\ud83d\udeab\ud83d\udc69\ud83c\udffb\u200d\ud83c\udfeb \u00a1No queda m\u00e1s! J\u00f3venes profesionales se han visto obligados en migrar de su pa\u00eds&#8230;<\/p>\n","protected":false},"author":1,"featured_media":23053,"comment_status":"open","ping_status":"open","sticky":false,"template":"","format":"standard","meta":{"footnotes":""},"categories":[7,1,5],"tags":[],"class_list":["post-23051","post","type-post","status-publish","format-standard","has-post-thumbnail","hentry","category-ecuador","category-inicio","category-loja"],"_links":{"self":[{"href":"https:\/\/www.lodelmomentoloja.com\/index.php?rest_route=\/wp\/v2\/posts\/23051"}],"collection":[{"href":"https:\/\/www.lodelmomentoloja.com\/index.php?rest_route=\/wp\/v2\/posts"}],"about":[{"href":"https:\/\/www.lodelmomentoloja.com\/index.php?rest_route=\/wp\/v2\/types\/post"}],"author":[{"embeddable":true,"href":"https:\/\/www.lodelmomentoloja.com\/index.php?rest_route=\/wp\/v2\/users\/1"}],"replies":[{"embeddable":true,"href":"https:\/\/www.lodelmomentoloja.com\/index.php?rest_route=%2Fwp%2Fv2%2Fcomments&post=23051"}],"version-history":[{"count":1,"href":"https:\/\/www.lodelmomentoloja.com\/index.php?rest_route=\/wp\/v2\/posts\/23051\/revisions"}],"predecessor-version":[{"id":23054,"href":"https:\/\/www.lodelmomentoloja.com\/index.php?rest_route=\/wp\/v2\/posts\/23051\/revisions\/23054"}],"wp:featuredmedia":[{"embeddable":true,"href":"https:\/\/www.lodelmomentoloja.com\/index.php?rest_route=\/wp\/v2\/media\/23053"}],"wp:attachment":[{"href":"https:\/\/www.lodelmomentoloja.com\/index.php?rest_route=%2Fwp%2Fv2%2Fmedia&parent=23051"}],"wp:term":[{"taxonomy":"category","embeddable":true,"href":"https:\/\/www.lodelmomentoloja.com\/index.php?rest_route=%2Fwp%2Fv2%2Fcategories&post=23051"},{"taxonomy":"post_tag","embeddable":true,"href":"https:\/\/www.lodelmomentoloja.com\/index.php?rest_route=%2Fwp%2Fv2%2Ftags&post=23051"}],"curies":[{"name":"wp","href":"https:\/\/api.w.org\/{rel}","templated":true}]}}