{"id":23039,"date":"2024-10-04T09:25:31","date_gmt":"2024-10-04T09:25:31","guid":{"rendered":"https:\/\/www.lodelmomentoloja.com\/?p=23039"},"modified":"2024-10-04T15:30:14","modified_gmt":"2024-10-04T15:30:14","slug":"veronica-abad-no-podra-ser-destituida-segun-jueza","status":"publish","type":"post","link":"https:\/\/www.lodelmomentoloja.com\/?p=23039","title":{"rendered":"Ver\u00f3nica Abad no podr\u00e1 ser destituida seg\u00fan jueza."},"content":{"rendered":"<p>\ud83d\udeab\ud83d\udde3\ufe0f\ud83d\udcdd\u00a1No la quieren cerca! La jueza Gloria Mayorga qui\u00e9n neg\u00f3 la acci\u00f3n de protecci\u00f3n presentada por Ver\u00f3nica Abad por sumario administrativo, advirti\u00f3 al Ministerio de Trabajo que se debe observar los art\u00edculos 129 y 130 de la Constituci\u00f3n que establecen que la vicepresidenta solo puede ser destituida mediante juicio pol\u00edtico en la Asamblea Nacional, con informe previo de la corte constitucional y por delitos espec\u00edficos. Es decir, que no hay causal constitucional para destituir a la segunda mandataria de la Rep\u00fablica por sumario administrativo.<\/p>\n<p>\ud83c\udf10\ud83d\udc49 S\u00edguenos en nuestra p\u00e1gina web: www.lodelmomentoloja.com<\/p>\n","protected":false},"excerpt":{"rendered":"<p>\ud83d\udeab\ud83d\udde3\ufe0f\ud83d\udcdd\u00a1No la quieren cerca! La jueza Gloria Mayorga qui\u00e9n neg\u00f3 la acci\u00f3n de protecci\u00f3n presentada&#8230;<\/p>\n","protected":false},"author":1,"featured_media":23040,"comment_status":"open","ping_status":"open","sticky":false,"template":"","format":"standard","meta":{"footnotes":""},"categories":[7,1,5],"tags":[],"class_list":["post-23039","post","type-post","status-publish","format-standard","has-post-thumbnail","hentry","category-ecuador","category-inicio","category-loja"],"_links":{"self":[{"href":"https:\/\/www.lodelmomentoloja.com\/index.php?rest_route=\/wp\/v2\/posts\/23039"}],"collection":[{"href":"https:\/\/www.lodelmomentoloja.com\/index.php?rest_route=\/wp\/v2\/posts"}],"about":[{"href":"https:\/\/www.lodelmomentoloja.com\/index.php?rest_route=\/wp\/v2\/types\/post"}],"author":[{"embeddable":true,"href":"https:\/\/www.lodelmomentoloja.com\/index.php?rest_route=\/wp\/v2\/users\/1"}],"replies":[{"embeddable":true,"href":"https:\/\/www.lodelmomentoloja.com\/index.php?rest_route=%2Fwp%2Fv2%2Fcomments&post=23039"}],"version-history":[{"count":1,"href":"https:\/\/www.lodelmomentoloja.com\/index.php?rest_route=\/wp\/v2\/posts\/23039\/revisions"}],"predecessor-version":[{"id":23041,"href":"https:\/\/www.lodelmomentoloja.com\/index.php?rest_route=\/wp\/v2\/posts\/23039\/revisions\/23041"}],"wp:featuredmedia":[{"embeddable":true,"href":"https:\/\/www.lodelmomentoloja.com\/index.php?rest_route=\/wp\/v2\/media\/23040"}],"wp:attachment":[{"href":"https:\/\/www.lodelmomentoloja.com\/index.php?rest_route=%2Fwp%2Fv2%2Fmedia&parent=23039"}],"wp:term":[{"taxonomy":"category","embeddable":true,"href":"https:\/\/www.lodelmomentoloja.com\/index.php?rest_route=%2Fwp%2Fv2%2Fcategories&post=23039"},{"taxonomy":"post_tag","embeddable":true,"href":"https:\/\/www.lodelmomentoloja.com\/index.php?rest_route=%2Fwp%2Fv2%2Ftags&post=23039"}],"curies":[{"name":"wp","href":"https:\/\/api.w.org\/{rel}","templated":true}]}}