{"id":22988,"date":"2024-10-01T15:59:44","date_gmt":"2024-10-01T15:59:44","guid":{"rendered":"https:\/\/www.lodelmomentoloja.com\/?p=22988"},"modified":"2024-10-01T21:21:01","modified_gmt":"2024-10-01T21:21:01","slug":"denuncian-el-abandono-en-que-la-prefectura-mantiene-las-vias-del-canton-paltas","status":"publish","type":"post","link":"https:\/\/www.lodelmomentoloja.com\/?p=22988","title":{"rendered":"Denuncian el abandono en que la Prefectura mantiene las v\u00edas del cant\u00f3n Paltas"},"content":{"rendered":"<p>\ud83e\uddd0\ud83d\udd0e\ud83d\udc49 \u00bfY las obras? Ronald Freire, concejal rural de Paltas, expresa su descontento con las autoridades que hoy lideran la Prefectura de Loja, puesto que las v\u00edas de las 7 parroquias rurales del cant\u00f3n se encuentran en completo abandono, generando preocupaci\u00f3n en la poblaci\u00f3n ya que el deterioro de las v\u00edas podr\u00eda empeorar con la temporada invernal que se avecina.<\/p>\n<div style=\"width: 640px;\" class=\"wp-video\"><!--[if lt IE 9]><script>document.createElement('video');<\/script><![endif]-->\n<video class=\"wp-video-shortcode\" id=\"video-22988-1\" width=\"640\" height=\"360\" preload=\"metadata\" controls=\"controls\"><source type=\"video\/mp4\" src=\"http:\/\/www.lodelmomentoloja.com\/wp-content\/uploads\/2024\/10\/VIAS-DE-PALTAS-REDUCIDO.mp4?_=1\" \/><a href=\"http:\/\/www.lodelmomentoloja.com\/wp-content\/uploads\/2024\/10\/VIAS-DE-PALTAS-REDUCIDO.mp4\">http:\/\/www.lodelmomentoloja.com\/wp-content\/uploads\/2024\/10\/VIAS-DE-PALTAS-REDUCIDO.mp4<\/a><\/video><\/div>\n<p>El concejal rural de Paltas, Ronald Freire expresa su descontento con las autoridades que hoy lideran la Prefectura de Loja, puesto que las v\u00edas de las 7 parroquias rurales del cant\u00f3n se encuentran en completo abandono, generando preocupaci\u00f3n en la poblaci\u00f3n ya que el deterioro de las v\u00edas podr\u00eda empeorar con la temporada invernal que se avecina.<\/p>\n<p>Pero esta no ser\u00eda la primera ocasi\u00f3n en la que hacen este llamado de atenci\u00f3n a la Prefectura, recordemos que, el pasado 08 de agosto, los GADS Parroquiales de Paltas, presentaron un oficio indicando su preocupaci\u00f3n por el retraso en la ejecuci\u00f3n del mantenimiento vial para las parroquias correspondiente al a\u00f1o 2024, solicitando una reuni\u00f3n para dar atenci\u00f3n a esta problem\u00e1tica.<\/p>\n<p>As\u00ed mismo, el reclamo m\u00e1s reciente lo hizo, de manera formal, el edil Freire en la Sesi\u00f3n Ordinaria de la C\u00e1mara Provincial.<\/p>\n<p>Cabe mencionar que, a finales de 2023, con el respaldo de los alcaldes de la provincia, la Prefectura aprob\u00f3 la tasa de mantenimiento para la vialidad rural, tasa que debe cancelar toda la provincia de Loja como requisito para obtener la matr\u00edcula vehicular cada a\u00f1o; sin embargo, las obras brillan por su ausencia, sin embargo, los fondos recaudados no ser\u00edan suficientes, puesto que las obras brillan por su ausencia.<\/p>\n<p>Pero, \u00bfCu\u00e1l ha sido la respuesta de la Prefectura de Loja?<\/p>\n<p>Por lo que ahora la ciudadan\u00eda exige respuestas y acciones concretas por parte de las autoridades para darle a Paltas la atenci\u00f3n de necesita y garantizar que el cant\u00f3n salga del estado de abandono en el que, se\u00f1alan, se encuentra sumergida.<\/p>\n<p>\ud83d\udcf2\u25b6\ufe0f Ver video completo en Youtube: https:\/\/youtu.be\/hbUODxYjLlA<\/p>\n<p>\ud83c\udf10\ud83d\udc49 S\u00edguenos en nuestra p\u00e1gina web: www.lodelmomentoloja.com<\/p>\n","protected":false},"excerpt":{"rendered":"<p>\ud83e\uddd0\ud83d\udd0e\ud83d\udc49 \u00bfY las obras? Ronald Freire, concejal rural de Paltas, expresa su descontento con las&#8230;<\/p>\n","protected":false},"author":1,"featured_media":22991,"comment_status":"open","ping_status":"open","sticky":false,"template":"","format":"standard","meta":{"footnotes":""},"categories":[7,1,5,6],"tags":[],"class_list":["post-22988","post","type-post","status-publish","format-standard","has-post-thumbnail","hentry","category-ecuador","category-inicio","category-loja","category-zamora"],"_links":{"self":[{"href":"https:\/\/www.lodelmomentoloja.com\/index.php?rest_route=\/wp\/v2\/posts\/22988"}],"collection":[{"href":"https:\/\/www.lodelmomentoloja.com\/index.php?rest_route=\/wp\/v2\/posts"}],"about":[{"href":"https:\/\/www.lodelmomentoloja.com\/index.php?rest_route=\/wp\/v2\/types\/post"}],"author":[{"embeddable":true,"href":"https:\/\/www.lodelmomentoloja.com\/index.php?rest_route=\/wp\/v2\/users\/1"}],"replies":[{"embeddable":true,"href":"https:\/\/www.lodelmomentoloja.com\/index.php?rest_route=%2Fwp%2Fv2%2Fcomments&post=22988"}],"version-history":[{"count":1,"href":"https:\/\/www.lodelmomentoloja.com\/index.php?rest_route=\/wp\/v2\/posts\/22988\/revisions"}],"predecessor-version":[{"id":22992,"href":"https:\/\/www.lodelmomentoloja.com\/index.php?rest_route=\/wp\/v2\/posts\/22988\/revisions\/22992"}],"wp:featuredmedia":[{"embeddable":true,"href":"https:\/\/www.lodelmomentoloja.com\/index.php?rest_route=\/wp\/v2\/media\/22991"}],"wp:attachment":[{"href":"https:\/\/www.lodelmomentoloja.com\/index.php?rest_route=%2Fwp%2Fv2%2Fmedia&parent=22988"}],"wp:term":[{"taxonomy":"category","embeddable":true,"href":"https:\/\/www.lodelmomentoloja.com\/index.php?rest_route=%2Fwp%2Fv2%2Fcategories&post=22988"},{"taxonomy":"post_tag","embeddable":true,"href":"https:\/\/www.lodelmomentoloja.com\/index.php?rest_route=%2Fwp%2Fv2%2Ftags&post=22988"}],"curies":[{"name":"wp","href":"https:\/\/api.w.org\/{rel}","templated":true}]}}