{"id":22945,"date":"2024-09-30T16:32:08","date_gmt":"2024-09-30T16:32:08","guid":{"rendered":"https:\/\/www.lodelmomentoloja.com\/?p=22945"},"modified":"2024-09-30T21:34:11","modified_gmt":"2024-09-30T21:34:11","slug":"deportistas-lojanos-consiguen-preseas-a-nivel-nacional","status":"publish","type":"post","link":"https:\/\/www.lodelmomentoloja.com\/?p=22945","title":{"rendered":"Deportistas lojanos consiguen preseas a nivel nacional."},"content":{"rendered":"<p>\ud83d\udefc\ud83c\udfc6\ud83c\udfdf\ufe0f \u00a1Orgullo de Loja! La provincia entera se entusiasma con los logros obtenidos por parte de los j\u00f3venes deportistas de la disciplina de patinaje, quienes en d\u00edas pasados estuvieron representando a Loja en el campeonato Nacional realizado en Guayaquil del 26 al 29 de septiembre 2024, el club deportivo que obtuvo est\u00e1s preseas estuvieron bajo la direcci\u00f3n del profesor Marcelo Placencia, logrando m\u00e1s de una docena de medallas en oro, plata y bronce respectivamente.<\/p>\n<div style=\"width: 640px;\" class=\"wp-video\"><!--[if lt IE 9]><script>document.createElement('video');<\/script><![endif]-->\n<video class=\"wp-video-shortcode\" id=\"video-22945-1\" width=\"640\" height=\"362\" preload=\"metadata\" controls=\"controls\"><source type=\"video\/mp4\" src=\"http:\/\/www.lodelmomentoloja.com\/wp-content\/uploads\/2024\/09\/WhatsApp-Video-2024-09-30-at-1.00.10-PM.mp4?_=1\" \/><a href=\"http:\/\/www.lodelmomentoloja.com\/wp-content\/uploads\/2024\/09\/WhatsApp-Video-2024-09-30-at-1.00.10-PM.mp4\">http:\/\/www.lodelmomentoloja.com\/wp-content\/uploads\/2024\/09\/WhatsApp-Video-2024-09-30-at-1.00.10-PM.mp4<\/a><\/video><\/div>\n<p>Por otro lado, ante la poca acci\u00f3n por parte de FEDE Loja, desde el Municipio de Loja se aport\u00f3 con la asignaci\u00f3n de la pista Karting para que puedan entrenar con normalidad y ahora, por segunda ocasi\u00f3n, el traslado a los deportistas y con ello, exponer ante los ojos del pa\u00eds el talento de los coterr\u00e1neos, algo que fue resaltado hasta en v\u00eddeo por parte de los campeones.<\/p>\n<p>\ud83c\udf10\ud83d\udc49\ud83c\udffb S\u00edguenos en nuestra p\u00e1gina web www.lodelmomentoloja.com<\/p>\n","protected":false},"excerpt":{"rendered":"<p>\ud83d\udefc\ud83c\udfc6\ud83c\udfdf\ufe0f \u00a1Orgullo de Loja! La provincia entera se entusiasma con los logros obtenidos por parte&#8230;<\/p>\n","protected":false},"author":1,"featured_media":22947,"comment_status":"open","ping_status":"open","sticky":false,"template":"","format":"standard","meta":{"footnotes":""},"categories":[7,1,5],"tags":[],"class_list":["post-22945","post","type-post","status-publish","format-standard","has-post-thumbnail","hentry","category-ecuador","category-inicio","category-loja"],"_links":{"self":[{"href":"https:\/\/www.lodelmomentoloja.com\/index.php?rest_route=\/wp\/v2\/posts\/22945"}],"collection":[{"href":"https:\/\/www.lodelmomentoloja.com\/index.php?rest_route=\/wp\/v2\/posts"}],"about":[{"href":"https:\/\/www.lodelmomentoloja.com\/index.php?rest_route=\/wp\/v2\/types\/post"}],"author":[{"embeddable":true,"href":"https:\/\/www.lodelmomentoloja.com\/index.php?rest_route=\/wp\/v2\/users\/1"}],"replies":[{"embeddable":true,"href":"https:\/\/www.lodelmomentoloja.com\/index.php?rest_route=%2Fwp%2Fv2%2Fcomments&post=22945"}],"version-history":[{"count":1,"href":"https:\/\/www.lodelmomentoloja.com\/index.php?rest_route=\/wp\/v2\/posts\/22945\/revisions"}],"predecessor-version":[{"id":22948,"href":"https:\/\/www.lodelmomentoloja.com\/index.php?rest_route=\/wp\/v2\/posts\/22945\/revisions\/22948"}],"wp:featuredmedia":[{"embeddable":true,"href":"https:\/\/www.lodelmomentoloja.com\/index.php?rest_route=\/wp\/v2\/media\/22947"}],"wp:attachment":[{"href":"https:\/\/www.lodelmomentoloja.com\/index.php?rest_route=%2Fwp%2Fv2%2Fmedia&parent=22945"}],"wp:term":[{"taxonomy":"category","embeddable":true,"href":"https:\/\/www.lodelmomentoloja.com\/index.php?rest_route=%2Fwp%2Fv2%2Fcategories&post=22945"},{"taxonomy":"post_tag","embeddable":true,"href":"https:\/\/www.lodelmomentoloja.com\/index.php?rest_route=%2Fwp%2Fv2%2Ftags&post=22945"}],"curies":[{"name":"wp","href":"https:\/\/api.w.org\/{rel}","templated":true}]}}