{"id":22898,"date":"2024-09-26T14:19:25","date_gmt":"2024-09-26T14:19:25","guid":{"rendered":"https:\/\/www.lodelmomentoloja.com\/?p=22898"},"modified":"2024-09-26T19:19:47","modified_gmt":"2024-09-26T19:19:47","slug":"loja-en-la-mira-la-construccion-de-proyectos-fotovoltaicos-para-generar-energia","status":"publish","type":"post","link":"https:\/\/www.lodelmomentoloja.com\/?p=22898","title":{"rendered":"Loja en la mira la construcci\u00f3n de proyectos fotovoltaicos para generar energ\u00eda"},"content":{"rendered":"<p>\ud83c\udf24\ufe0f\ud83d\udca1\ud83d\udde3\ufe0f \u00a1Buenas ideas! La provincia de Loja vuelve a estar en la mira del sector el\u00e9ctrico debido a que la radiaci\u00f3n solar de algunos cantones, es la m\u00e1s alta de todo el pa\u00eds. La Corporaci\u00f3n El\u00e9ctrica del Ecuador (CELEC EP) desarrolla dos proyectos fotovoltaicos, uno de ellos, Matala ubicado en la parroquia del mismo nombre, en el cant\u00f3n Gonzanam\u00e1 y, la segunda, La Ceiba en el cant\u00f3n Zapotillo con el que se pretenden generar 200 megavatios para la abastecer la demanda en Loja.<\/p>\n<div style=\"width: 640px;\" class=\"wp-video\"><!--[if lt IE 9]><script>document.createElement('video');<\/script><![endif]-->\n<video class=\"wp-video-shortcode\" id=\"video-22898-1\" width=\"640\" height=\"360\" preload=\"metadata\" controls=\"controls\"><source type=\"video\/mp4\" src=\"http:\/\/www.lodelmomentoloja.com\/wp-content\/uploads\/2024\/09\/PROYECTOS-FOTOVOLTAICOS-REDUCIDO.mp4?_=1\" \/><a href=\"http:\/\/www.lodelmomentoloja.com\/wp-content\/uploads\/2024\/09\/PROYECTOS-FOTOVOLTAICOS-REDUCIDO.mp4\">http:\/\/www.lodelmomentoloja.com\/wp-content\/uploads\/2024\/09\/PROYECTOS-FOTOVOLTAICOS-REDUCIDO.mp4<\/a><\/video><\/div>\n<p>En las 24 provincias del Ecuador, se registran apagones causando una serie de conflictos que afectan dr\u00e1sticamente la econom\u00eda de los ecuatorianos, pero \u00bfC\u00f3mo se vive los cortes energ\u00e9ticos en Loja?<\/p>\n<p>En la ciudad la empresa el\u00e9ctrica dispuso los racionamientos en cuatro horarios distribuidos por sectores: de 12h00 de la noche a 05h00 de la madrugada, de 10h00 a 15h00, de 15h00 a 20h00 y de 20h00 a 24h00, aunque algunos de estos horarios no se cumplen.<\/p>\n<p>Una ciudad totalmente envuelta por la oscuridad, es lo que el equipo de LDM pudo constatar tras hacer un peque\u00f1o recorrido por los sectores afectados en horas de la noche, desde el casco c\u00e9ntrico de la ciudad con direcci\u00f3n hacia el sur. En algunos sectores, hasta poniendo en riesgo la integridad de los ciudadanos.<\/p>\n<p>Incluso, en horas de la tarde, la falta de agentes de tr\u00e1nsito, en las principales calles de la ciudad ocasionan un gran tr\u00e1fico vehicular, provocando dificultades para la circulaci\u00f3n de transe\u00fantes.<\/p>\n<p>Adem\u00e1s, durante las horas que no hay luz, varios locales comerciales de la urbe han optado por continuar con sus actividades cotidianas generando energ\u00eda a trav\u00e9s de plantas el\u00e9ctricas a base de combustible, mismas que permiten brindar los servicios, de manera habitual, a toda la ciudadan\u00eda.<\/p>\n<p>Los cortes energ\u00e9ticos se tienen previstos hasta el pr\u00f3ximo domingo 25 de septiembre de 2024, mientras tanto surgen nuevas interrogantes \u00bfCu\u00e1les ser\u00e1n los estragos de estos nuevos apagones?<\/p>\n<p>\ud83d\udcf2\u25b6\ufe0f Ver video completo en Youtube: https:\/\/youtu.be\/zGYoTSKrToE<\/p>\n<p>\ud83c\udf10\ud83d\udc49 S\u00edguenos en nuestra p\u00e1gina web: www.lodelmomentoloja.com<\/p>\n","protected":false},"excerpt":{"rendered":"<p>\ud83c\udf24\ufe0f\ud83d\udca1\ud83d\udde3\ufe0f \u00a1Buenas ideas! La provincia de Loja vuelve a estar en la mira del sector&#8230;<\/p>\n","protected":false},"author":1,"featured_media":22900,"comment_status":"open","ping_status":"open","sticky":false,"template":"","format":"standard","meta":{"footnotes":""},"categories":[7,1,5],"tags":[],"class_list":["post-22898","post","type-post","status-publish","format-standard","has-post-thumbnail","hentry","category-ecuador","category-inicio","category-loja"],"_links":{"self":[{"href":"https:\/\/www.lodelmomentoloja.com\/index.php?rest_route=\/wp\/v2\/posts\/22898"}],"collection":[{"href":"https:\/\/www.lodelmomentoloja.com\/index.php?rest_route=\/wp\/v2\/posts"}],"about":[{"href":"https:\/\/www.lodelmomentoloja.com\/index.php?rest_route=\/wp\/v2\/types\/post"}],"author":[{"embeddable":true,"href":"https:\/\/www.lodelmomentoloja.com\/index.php?rest_route=\/wp\/v2\/users\/1"}],"replies":[{"embeddable":true,"href":"https:\/\/www.lodelmomentoloja.com\/index.php?rest_route=%2Fwp%2Fv2%2Fcomments&post=22898"}],"version-history":[{"count":1,"href":"https:\/\/www.lodelmomentoloja.com\/index.php?rest_route=\/wp\/v2\/posts\/22898\/revisions"}],"predecessor-version":[{"id":22901,"href":"https:\/\/www.lodelmomentoloja.com\/index.php?rest_route=\/wp\/v2\/posts\/22898\/revisions\/22901"}],"wp:featuredmedia":[{"embeddable":true,"href":"https:\/\/www.lodelmomentoloja.com\/index.php?rest_route=\/wp\/v2\/media\/22900"}],"wp:attachment":[{"href":"https:\/\/www.lodelmomentoloja.com\/index.php?rest_route=%2Fwp%2Fv2%2Fmedia&parent=22898"}],"wp:term":[{"taxonomy":"category","embeddable":true,"href":"https:\/\/www.lodelmomentoloja.com\/index.php?rest_route=%2Fwp%2Fv2%2Fcategories&post=22898"},{"taxonomy":"post_tag","embeddable":true,"href":"https:\/\/www.lodelmomentoloja.com\/index.php?rest_route=%2Fwp%2Fv2%2Ftags&post=22898"}],"curies":[{"name":"wp","href":"https:\/\/api.w.org\/{rel}","templated":true}]}}