{"id":22894,"date":"2024-09-26T12:39:39","date_gmt":"2024-09-26T12:39:39","guid":{"rendered":"https:\/\/www.lodelmomentoloja.com\/?p=22894"},"modified":"2024-09-26T17:46:39","modified_gmt":"2024-09-26T17:46:39","slug":"como-se-viven-dia-a-dia-los-apagones-en-la-ciudad-de-loja","status":"publish","type":"post","link":"https:\/\/www.lodelmomentoloja.com\/?p=22894","title":{"rendered":"\u00bfC\u00f3mo se viven d\u00eda a d\u00eda los apagones en la ciudad de Loja?"},"content":{"rendered":"<p>\ud83d\udd26\ud83e\udee3\ud83e\uddd0 \u00a1Loja en obscuras! \u00bfC\u00f3mo se vive los cortes energ\u00e9ticos, En la ciudad la empresa el\u00e9ctrica dispuso los racionamientos en cuatro horarios distribuidos por sectores: de 12h00 de la noche a 05h00 de la madrugada, de 10h00 a 15h00, de 15h00 a 20h00 y de 20h00 a 24h00, aunque algunos de estos horarios no se cumplen, provocando que los comerciantes locales tomen alternativas para evitar mayores p\u00e9rdidas en sus negocios.<\/p>\n<div style=\"width: 640px;\" class=\"wp-video\"><!--[if lt IE 9]><script>document.createElement('video');<\/script><![endif]-->\n<video class=\"wp-video-shortcode\" id=\"video-22894-1\" width=\"640\" height=\"360\" preload=\"metadata\" controls=\"controls\"><source type=\"video\/mp4\" src=\"http:\/\/www.lodelmomentoloja.com\/wp-content\/uploads\/2024\/09\/LOJA-EN-OBSCURAS-REDUCIDO.mp4?_=1\" \/><a href=\"http:\/\/www.lodelmomentoloja.com\/wp-content\/uploads\/2024\/09\/LOJA-EN-OBSCURAS-REDUCIDO.mp4\">http:\/\/www.lodelmomentoloja.com\/wp-content\/uploads\/2024\/09\/LOJA-EN-OBSCURAS-REDUCIDO.mp4<\/a><\/video><\/div>\n<p>&nbsp;<\/p>\n<p>La provincia de Loja vuelve a estar en la mira del sector el\u00e9ctrico debido a que la radiaci\u00f3n solar de algunos cantones, es la m\u00e1s alta de todo el pa\u00eds.<\/p>\n<p>Es por ello que la Corporaci\u00f3n El\u00e9ctrica del Ecuador (CELEC EP) desarrolla dos proyectos fotovoltaicos en puntos estrat\u00e9gicos de la provincia, uno de ellos Matala, ubicado en la parroquia del mismo nombre, cant\u00f3n Gonzanam\u00e1 y, la segunda, La Ceiba en el cant\u00f3n Zapotillo.<\/p>\n<p>Seg\u00fan la planificaci\u00f3n de CELEC, ambos cantones presentan los \u00edndices de radiaci\u00f3n solar m\u00e1s altos en todo el territorio ecuatoriano, con valores promedio a los 5.400 Wh\/m2\/d\u00eda una cifra superior al promedio nacional que, sobre una superficie horizontal oscila los 4.0 Wh\/m2\/d\u00eda.<\/p>\n<p>Estad\u00edsticas que convierten a la provincia en un sector estrat\u00e9gico para la generaci\u00f3n de energ\u00eda, sin embargo, existen factores que obstaculizan que estos proyectos se lleven a cabo y radica en la falta de interconexi\u00f3n adecuada con el Sistema Nacional Interconectado (SIN) limitando el potencial de generaci\u00f3n.<\/p>\n<p>A ello se suma el incumplimiento de Plan Maestro de Electricidad, puesto de Matala y La Ceiba fueron planificados 10 a\u00f1os atr\u00e1s, pero a d\u00eda de hoy, son obras que contin\u00faan paralizadas. Pero no son los \u00fanico, otras centrales energ\u00e9ticas tambi\u00e9n han sufrido importantes demoras como, por ejemplo, el proyecto e\u00f3lico Villonaco III y el fotovoltaico El Aromo, pues su adjudicaci\u00f3n se dio apenas a finales de 2020, pero los contratos para su construcci\u00f3n se firmaron a\u00fan m\u00e1s tarde, en marzo de 2023 y el 06 de julio del mismo a\u00f1o, respectivamente.<\/p>\n<p>CELEC ha estimado un promedio de 18 meses para la construcci\u00f3n de Matala y 24 para La Ceiba, este \u00faltimo generando hasta 200 megavatios para el abastecimiento gran parte de la demanda en Loja. La entidad tiene que previsto el inicio de las obras se realice en los pr\u00f3ximos meses.<\/p>\n<p>\ud83d\udcf2\u25b6\ufe0f Ver video completo en Youtube: https:\/\/youtu.be\/cVgUZ0AgrJ0<\/p>\n<p>\ud83c\udf10\ud83d\udc49 S\u00edguenos en nuestra p\u00e1gina web: www.lodelmomentoloja.com<\/p>\n","protected":false},"excerpt":{"rendered":"<p>\ud83d\udd26\ud83e\udee3\ud83e\uddd0 \u00a1Loja en obscuras! \u00bfC\u00f3mo se vive los cortes energ\u00e9ticos, En la ciudad la empresa&#8230;<\/p>\n","protected":false},"author":1,"featured_media":22896,"comment_status":"open","ping_status":"open","sticky":false,"template":"","format":"standard","meta":{"footnotes":""},"categories":[7,1,5],"tags":[],"class_list":["post-22894","post","type-post","status-publish","format-standard","has-post-thumbnail","hentry","category-ecuador","category-inicio","category-loja"],"_links":{"self":[{"href":"https:\/\/www.lodelmomentoloja.com\/index.php?rest_route=\/wp\/v2\/posts\/22894"}],"collection":[{"href":"https:\/\/www.lodelmomentoloja.com\/index.php?rest_route=\/wp\/v2\/posts"}],"about":[{"href":"https:\/\/www.lodelmomentoloja.com\/index.php?rest_route=\/wp\/v2\/types\/post"}],"author":[{"embeddable":true,"href":"https:\/\/www.lodelmomentoloja.com\/index.php?rest_route=\/wp\/v2\/users\/1"}],"replies":[{"embeddable":true,"href":"https:\/\/www.lodelmomentoloja.com\/index.php?rest_route=%2Fwp%2Fv2%2Fcomments&post=22894"}],"version-history":[{"count":1,"href":"https:\/\/www.lodelmomentoloja.com\/index.php?rest_route=\/wp\/v2\/posts\/22894\/revisions"}],"predecessor-version":[{"id":22897,"href":"https:\/\/www.lodelmomentoloja.com\/index.php?rest_route=\/wp\/v2\/posts\/22894\/revisions\/22897"}],"wp:featuredmedia":[{"embeddable":true,"href":"https:\/\/www.lodelmomentoloja.com\/index.php?rest_route=\/wp\/v2\/media\/22896"}],"wp:attachment":[{"href":"https:\/\/www.lodelmomentoloja.com\/index.php?rest_route=%2Fwp%2Fv2%2Fmedia&parent=22894"}],"wp:term":[{"taxonomy":"category","embeddable":true,"href":"https:\/\/www.lodelmomentoloja.com\/index.php?rest_route=%2Fwp%2Fv2%2Fcategories&post=22894"},{"taxonomy":"post_tag","embeddable":true,"href":"https:\/\/www.lodelmomentoloja.com\/index.php?rest_route=%2Fwp%2Fv2%2Ftags&post=22894"}],"curies":[{"name":"wp","href":"https:\/\/api.w.org\/{rel}","templated":true}]}}