{"id":2283,"date":"2021-02-04T13:20:16","date_gmt":"2021-02-04T13:20:16","guid":{"rendered":"http:\/\/www.lodelmomentoloja.com\/?p=2283"},"modified":"2021-02-04T18:21:59","modified_gmt":"2021-02-04T18:21:59","slug":"carapaz-sera-uno-de-los-lideres-del-ineos-grenadier-en-el-tour-de-francia-2021","status":"publish","type":"post","link":"https:\/\/www.lodelmomentoloja.com\/?p=2283","title":{"rendered":"Carapaz ser\u00e1 uno de los l\u00edderes del Ineos Grenadier en el Tour de Francia 2021."},"content":{"rendered":"<div class=\"kvgmc6g5 cxmmr5t8 oygrvhab hcukyx3x c1et5uql ii04i59q\">\n<div dir=\"auto\"><a class=\"oajrlxb2 g5ia77u1 qu0x051f esr5mh6w e9989ue4 r7d6kgcz rq0escxv nhd2j8a9 nc684nl6 p7hjln8o kvgmc6g5 cxmmr5t8 oygrvhab hcukyx3x jb3vyjys rz4wbd8a qt6c0cv9 a8nywdso i1ao9s8h esuyzwwr f1sip0of lzcic4wl q66pz984 gpro0wi8 b1v8xokw\" tabindex=\"0\" role=\"link\" href=\"https:\/\/www.facebook.com\/hashtag\/internacional?__eep__=6&amp;__cft__[0]=AZXolYvFihLp0IXV3gg6YTAIrio4UuqQqr5sjGP8aWC67JMlAiWHtTxZYg_N8VMGuYSoNvWMEUEEYYuM7BmuaJBMfQnolP5VVaeYgz7eRly4I4PJZQPzNyktREuDH9zc_zjADjB0qAvDhZplbrdOOStAe4DrnWsDCakABExJE1oHQLWHdiY-T1TnIFTCttegDdY&amp;__tn__=*NK-R\">#Internacional<\/a> | El ciclista ecuatoriano Richard Carapaz ser\u00e1 uno de los l\u00edderes del Ineos Grenadier en el Tour de Francia 2021.<\/div>\n<div dir=\"auto\"><\/div>\n<\/div>\n<div class=\"o9v6fnle cxmmr5t8 oygrvhab hcukyx3x c1et5uql ii04i59q\">\n<div dir=\"auto\">El carchense fue seleccionado para participar por segundo a\u00f1o consecutivo en la competencia de ciclismo m\u00e1s importante del mundo.<\/div>\n<\/div>\n<div class=\"o9v6fnle cxmmr5t8 oygrvhab hcukyx3x c1et5uql ii04i59q\">\n<div dir=\"auto\">La competencia en tierras francesas se desarrollar\u00e1 del 26 de junio al 18 de julio, en 21 etapas por diferentes modalidades como monta\u00f1a, media monta\u00f1a, contrarreloj y llana. Carapaz es hasta la fecha el primer y \u00fanico ecuatoriano en haber estado en un Tour.<\/div>\n<\/div>\n","protected":false},"excerpt":{"rendered":"<p>#Internacional | El ciclista ecuatoriano Richard Carapaz ser\u00e1 uno de los l\u00edderes del Ineos Grenadier&#8230;<\/p>\n","protected":false},"author":1,"featured_media":2284,"comment_status":"open","ping_status":"open","sticky":false,"template":"","format":"standard","meta":{"footnotes":""},"categories":[1],"tags":[],"class_list":["post-2283","post","type-post","status-publish","format-standard","has-post-thumbnail","hentry","category-inicio"],"_links":{"self":[{"href":"https:\/\/www.lodelmomentoloja.com\/index.php?rest_route=\/wp\/v2\/posts\/2283"}],"collection":[{"href":"https:\/\/www.lodelmomentoloja.com\/index.php?rest_route=\/wp\/v2\/posts"}],"about":[{"href":"https:\/\/www.lodelmomentoloja.com\/index.php?rest_route=\/wp\/v2\/types\/post"}],"author":[{"embeddable":true,"href":"https:\/\/www.lodelmomentoloja.com\/index.php?rest_route=\/wp\/v2\/users\/1"}],"replies":[{"embeddable":true,"href":"https:\/\/www.lodelmomentoloja.com\/index.php?rest_route=%2Fwp%2Fv2%2Fcomments&post=2283"}],"version-history":[{"count":1,"href":"https:\/\/www.lodelmomentoloja.com\/index.php?rest_route=\/wp\/v2\/posts\/2283\/revisions"}],"predecessor-version":[{"id":2285,"href":"https:\/\/www.lodelmomentoloja.com\/index.php?rest_route=\/wp\/v2\/posts\/2283\/revisions\/2285"}],"wp:featuredmedia":[{"embeddable":true,"href":"https:\/\/www.lodelmomentoloja.com\/index.php?rest_route=\/wp\/v2\/media\/2284"}],"wp:attachment":[{"href":"https:\/\/www.lodelmomentoloja.com\/index.php?rest_route=%2Fwp%2Fv2%2Fmedia&parent=2283"}],"wp:term":[{"taxonomy":"category","embeddable":true,"href":"https:\/\/www.lodelmomentoloja.com\/index.php?rest_route=%2Fwp%2Fv2%2Fcategories&post=2283"},{"taxonomy":"post_tag","embeddable":true,"href":"https:\/\/www.lodelmomentoloja.com\/index.php?rest_route=%2Fwp%2Fv2%2Ftags&post=2283"}],"curies":[{"name":"wp","href":"https:\/\/api.w.org\/{rel}","templated":true}]}}