{"id":22827,"date":"2024-09-23T14:39:50","date_gmt":"2024-09-23T14:39:50","guid":{"rendered":"https:\/\/www.lodelmomentoloja.com\/?p=22827"},"modified":"2024-09-23T19:42:48","modified_gmt":"2024-09-23T19:42:48","slug":"la-imagen-de-la-virgen-de-el-cisne-recorrio-la-ciudad-del-vaticano","status":"publish","type":"post","link":"https:\/\/www.lodelmomentoloja.com\/?p=22827","title":{"rendered":"La imagen de la Virgen de El Cisne recorri\u00f3 la Ciudad del Vaticano"},"content":{"rendered":"<p>\ud83c\uddfb\ud83c\udde6\ud83d\udc78\ud83c\udffb\ud83d\udd4a\ufe0f\u00a1Devoci\u00f3n sin l\u00edmites! La imagen peregrina de La Virgen de El Cisne, se encuentra en Roma y fue recibida por cientos de devotos ecuatorianos con fe y alegr\u00eda. Con una procesi\u00f3n solemne, recorri\u00f3 la Plaza San Pedro del Vaticano, lugar en donde se celebr\u00f3 una eucarist\u00eda en honor a los migrantes del mundo. La &#8216;Churonita&#8217; us\u00f3 varios atuendos, entre ellos destacando uno que contiene los colores patrios, con su escudo y con la frase &#8216;Madre de los peregrinos&#8217;.<\/p>\n<p><img loading=\"lazy\" decoding=\"async\" class=\"alignnone size-medium wp-image-22828\" src=\"http:\/\/www.lodelmomentoloja.com\/wp-content\/uploads\/2024\/09\/WhatsApp-Image-2024-09-23-at-2.29.59-PM-300x169.jpeg\" alt=\"\" width=\"300\" height=\"169\" srcset=\"https:\/\/www.lodelmomentoloja.com\/wp-content\/uploads\/2024\/09\/WhatsApp-Image-2024-09-23-at-2.29.59-PM-300x169.jpeg 300w, https:\/\/www.lodelmomentoloja.com\/wp-content\/uploads\/2024\/09\/WhatsApp-Image-2024-09-23-at-2.29.59-PM-1024x576.jpeg 1024w, https:\/\/www.lodelmomentoloja.com\/wp-content\/uploads\/2024\/09\/WhatsApp-Image-2024-09-23-at-2.29.59-PM-768x432.jpeg 768w, https:\/\/www.lodelmomentoloja.com\/wp-content\/uploads\/2024\/09\/WhatsApp-Image-2024-09-23-at-2.29.59-PM-640x360.jpeg 640w, https:\/\/www.lodelmomentoloja.com\/wp-content\/uploads\/2024\/09\/WhatsApp-Image-2024-09-23-at-2.29.59-PM.jpeg 1080w\" sizes=\"(max-width: 300px) 100vw, 300px\" \/><\/p>\n<p>\ud83c\udf10\ud83d\udc49 S\u00edguenos en nuestra p\u00e1gina web: www.lodelmomentoloja.com<\/p>\n","protected":false},"excerpt":{"rendered":"<p>\ud83c\uddfb\ud83c\udde6\ud83d\udc78\ud83c\udffb\ud83d\udd4a\ufe0f\u00a1Devoci\u00f3n sin l\u00edmites! La imagen peregrina de La Virgen de El Cisne, se encuentra en&#8230;<\/p>\n","protected":false},"author":1,"featured_media":22829,"comment_status":"open","ping_status":"open","sticky":false,"template":"","format":"standard","meta":{"footnotes":""},"categories":[7,1,4,5],"tags":[],"class_list":["post-22827","post","type-post","status-publish","format-standard","has-post-thumbnail","hentry","category-ecuador","category-inicio","category-internacional","category-loja"],"_links":{"self":[{"href":"https:\/\/www.lodelmomentoloja.com\/index.php?rest_route=\/wp\/v2\/posts\/22827"}],"collection":[{"href":"https:\/\/www.lodelmomentoloja.com\/index.php?rest_route=\/wp\/v2\/posts"}],"about":[{"href":"https:\/\/www.lodelmomentoloja.com\/index.php?rest_route=\/wp\/v2\/types\/post"}],"author":[{"embeddable":true,"href":"https:\/\/www.lodelmomentoloja.com\/index.php?rest_route=\/wp\/v2\/users\/1"}],"replies":[{"embeddable":true,"href":"https:\/\/www.lodelmomentoloja.com\/index.php?rest_route=%2Fwp%2Fv2%2Fcomments&post=22827"}],"version-history":[{"count":1,"href":"https:\/\/www.lodelmomentoloja.com\/index.php?rest_route=\/wp\/v2\/posts\/22827\/revisions"}],"predecessor-version":[{"id":22830,"href":"https:\/\/www.lodelmomentoloja.com\/index.php?rest_route=\/wp\/v2\/posts\/22827\/revisions\/22830"}],"wp:featuredmedia":[{"embeddable":true,"href":"https:\/\/www.lodelmomentoloja.com\/index.php?rest_route=\/wp\/v2\/media\/22829"}],"wp:attachment":[{"href":"https:\/\/www.lodelmomentoloja.com\/index.php?rest_route=%2Fwp%2Fv2%2Fmedia&parent=22827"}],"wp:term":[{"taxonomy":"category","embeddable":true,"href":"https:\/\/www.lodelmomentoloja.com\/index.php?rest_route=%2Fwp%2Fv2%2Fcategories&post=22827"},{"taxonomy":"post_tag","embeddable":true,"href":"https:\/\/www.lodelmomentoloja.com\/index.php?rest_route=%2Fwp%2Fv2%2Ftags&post=22827"}],"curies":[{"name":"wp","href":"https:\/\/api.w.org\/{rel}","templated":true}]}}