{"id":22816,"date":"2024-09-23T12:00:59","date_gmt":"2024-09-23T12:00:59","guid":{"rendered":"https:\/\/www.lodelmomentoloja.com\/?p=22816"},"modified":"2024-09-23T17:03:09","modified_gmt":"2024-09-23T17:03:09","slug":"crisis-energetica-en-ecuador-afecta-a-varias-provincias","status":"publish","type":"post","link":"https:\/\/www.lodelmomentoloja.com\/?p=22816","title":{"rendered":"Crisis energ\u00e9tica en Ecuador, afecta a varias provincias"},"content":{"rendered":"<p>\ud83e\udd2c\ud83d\ude12\ud83d\udc49 \u00a1Apagones inesperados! Los cortes anunciados por el Ministerio de Energ\u00eda iniciaron este lunes 23 de septiembre de 2024 y se, extender\u00e1n hasta el domingo 29. En un inicio, se ten\u00eda previsto revisto que el apag\u00f3n durara desde las 22h00 hasta las 06h00, sin embargo, el racionamiento energ\u00e9tico ha tomado por sorpresa a 12 provincias del Ecuador, incluida Loja con un promedio que oscila entre las 9 y 11 horas en el que no habr\u00e1 suministro el\u00e9ctrico.<\/p>\n<div style=\"width: 640px;\" class=\"wp-video\"><!--[if lt IE 9]><script>document.createElement('video');<\/script><![endif]-->\n<video class=\"wp-video-shortcode\" id=\"video-22816-1\" width=\"640\" height=\"360\" preload=\"metadata\" controls=\"controls\"><source type=\"video\/mp4\" src=\"http:\/\/www.lodelmomentoloja.com\/wp-content\/uploads\/2024\/09\/CORTE-DE-LUZ-REDUCIDO.mp4?_=1\" \/><a href=\"http:\/\/www.lodelmomentoloja.com\/wp-content\/uploads\/2024\/09\/CORTE-DE-LUZ-REDUCIDO.mp4\">http:\/\/www.lodelmomentoloja.com\/wp-content\/uploads\/2024\/09\/CORTE-DE-LUZ-REDUCIDO.mp4<\/a><\/video><\/div>\n<p>Los cortes anunciados por el Ministerio de Energ\u00eda iniciaron este lunes 23 de septiembre de 2024 y se, extender\u00e1n hasta el domingo 29.<\/p>\n<p>No obstante, varios apagones se registraron el pasado domingo 18 de septiembre de 2024, seg\u00fan el Ministerio, debido a un &#8220;mantenimiento del sistema de transmisi\u00f3n en v\u00edsperas de nuevos apagones forzados a causa de una de las peores sequ\u00edas de los \u00faltimos 60 a\u00f1os.<\/p>\n<p>Inicialmente estaba previsto que el corte durara desde las 22h00 hasta las 06h00, sin embargo, el racionamiento energ\u00e9tico ha tomado por sorpresa a 12 provincias del Ecuador, incluida Loja con un promedio que oscila entre las 9 y 11 horas en el que no habr\u00e1 suministro el\u00e9ctrico.<\/p>\n<p>Los horarios de los apagones fueron anunciados por las empresas el\u00e9ctricas del pa\u00eds, en horas de la noche del domingo 22 de septiembre. Incluso, la ministra del Ambiente, In\u00e9s Manzano pidi\u00f3 disculpas p\u00fablicas por la tard\u00eda con la que los horarios fueron puestos a conocimiento de los ecuatorianos.<\/p>\n<p>Cabe mencionar que la crisis energ\u00e9tica, ha venido afectando al Ecuador durante casi una d\u00e9cada, pero \u00bfQu\u00e9 sucede con la Ley No M\u00e1s Apagones del presidente Daniel Noboa que fue aprobada por el Pleno de la Asamblea Nacional en enero pasado? Seg\u00fan lo expres\u00f3 el primer mandatario en su momento, con esta nueva ley se pretend\u00eda incrementar la oferta de generaci\u00f3n de electricidad promoviendo la inversi\u00f3n en el sector el\u00e9ctrico, pero hasta la fecha todo parece haber quedado en el olvido, ya que ahora sus objetivos est\u00e1n centrados en la llegada de la barcaza turca que, aunque ya empezaron con algunas pruebas, no solventan la crisis.<\/p>\n<p>Mientras tanto la inconformidad de los ecuatorianos se expresa constantemente, pues muchos internautas reclaman los da\u00f1os pueden traer los cortes inesperados, sin embargo \u00bfQu\u00e9 nuevas sorpresas traer\u00e1n los apagones en el transcurso de la semana?<\/p>\n<p>\ud83d\udcf2\u25b6\ufe0f Ver video completo en Youtube: https:\/\/youtu.be\/FR0U30SVE5o<\/p>\n<p>\ud83c\udf10\ud83d\udc49 S\u00edguenos en nuestra p\u00e1gina web: www.lodelmomentoloja.com<\/p>\n","protected":false},"excerpt":{"rendered":"<p>\ud83e\udd2c\ud83d\ude12\ud83d\udc49 \u00a1Apagones inesperados! Los cortes anunciados por el Ministerio de Energ\u00eda iniciaron este lunes 23&#8230;<\/p>\n","protected":false},"author":1,"featured_media":22818,"comment_status":"open","ping_status":"open","sticky":false,"template":"","format":"standard","meta":{"footnotes":""},"categories":[7,1,5],"tags":[],"class_list":["post-22816","post","type-post","status-publish","format-standard","has-post-thumbnail","hentry","category-ecuador","category-inicio","category-loja"],"_links":{"self":[{"href":"https:\/\/www.lodelmomentoloja.com\/index.php?rest_route=\/wp\/v2\/posts\/22816"}],"collection":[{"href":"https:\/\/www.lodelmomentoloja.com\/index.php?rest_route=\/wp\/v2\/posts"}],"about":[{"href":"https:\/\/www.lodelmomentoloja.com\/index.php?rest_route=\/wp\/v2\/types\/post"}],"author":[{"embeddable":true,"href":"https:\/\/www.lodelmomentoloja.com\/index.php?rest_route=\/wp\/v2\/users\/1"}],"replies":[{"embeddable":true,"href":"https:\/\/www.lodelmomentoloja.com\/index.php?rest_route=%2Fwp%2Fv2%2Fcomments&post=22816"}],"version-history":[{"count":1,"href":"https:\/\/www.lodelmomentoloja.com\/index.php?rest_route=\/wp\/v2\/posts\/22816\/revisions"}],"predecessor-version":[{"id":22819,"href":"https:\/\/www.lodelmomentoloja.com\/index.php?rest_route=\/wp\/v2\/posts\/22816\/revisions\/22819"}],"wp:featuredmedia":[{"embeddable":true,"href":"https:\/\/www.lodelmomentoloja.com\/index.php?rest_route=\/wp\/v2\/media\/22818"}],"wp:attachment":[{"href":"https:\/\/www.lodelmomentoloja.com\/index.php?rest_route=%2Fwp%2Fv2%2Fmedia&parent=22816"}],"wp:term":[{"taxonomy":"category","embeddable":true,"href":"https:\/\/www.lodelmomentoloja.com\/index.php?rest_route=%2Fwp%2Fv2%2Fcategories&post=22816"},{"taxonomy":"post_tag","embeddable":true,"href":"https:\/\/www.lodelmomentoloja.com\/index.php?rest_route=%2Fwp%2Fv2%2Ftags&post=22816"}],"curies":[{"name":"wp","href":"https:\/\/api.w.org\/{rel}","templated":true}]}}