{"id":2280,"date":"2021-02-04T13:18:57","date_gmt":"2021-02-04T13:18:57","guid":{"rendered":"http:\/\/www.lodelmomentoloja.com\/?p=2280"},"modified":"2021-02-04T18:19:08","modified_gmt":"2021-02-04T18:19:08","slug":"izquierda-democratica-tendra-cierre-de-campana-intercantonal","status":"publish","type":"post","link":"https:\/\/www.lodelmomentoloja.com\/?p=2280","title":{"rendered":"Izquierda Democr\u00e1tica tendr\u00e1 cierre de campa\u00f1a Intercantonal."},"content":{"rendered":"<div class=\"kvgmc6g5 cxmmr5t8 oygrvhab hcukyx3x c1et5uql ii04i59q\">\n<div dir=\"auto\"><a class=\"oajrlxb2 g5ia77u1 qu0x051f esr5mh6w e9989ue4 r7d6kgcz rq0escxv nhd2j8a9 nc684nl6 p7hjln8o kvgmc6g5 cxmmr5t8 oygrvhab hcukyx3x jb3vyjys rz4wbd8a qt6c0cv9 a8nywdso i1ao9s8h esuyzwwr f1sip0of lzcic4wl q66pz984 gpro0wi8 b1v8xokw\" tabindex=\"0\" role=\"link\" href=\"https:\/\/www.facebook.com\/hashtag\/loja?__eep__=6&amp;__cft__[0]=AZU__JIsJ3gEz5pAnUKGVAYhMhCOqQKC1UlyiWWgNQraQlblOfP7LCPpkE7tuQtVX0Jaa4Pq_uqLZKTlyZGMaz9AKR1_X0YrjCjG1TvMfiDih5eMqVXW07ZhbX7SQPjxf0A3WBZ_Urf7_SJw_6V2a0YU38CpaM2r0m5JllzEVh6AdkmSvveTpgbKMN5kzYHWuxQ&amp;__tn__=*NK-R\">#Loja<\/a> | Izquierda Democr\u00e1tica tendr\u00e1 cierre de campa\u00f1a Intercantonal.<\/div>\n<div dir=\"auto\"><\/div>\n<\/div>\n<div class=\"o9v6fnle cxmmr5t8 oygrvhab hcukyx3x c1et5uql ii04i59q\">\n<div dir=\"auto\">Tras la venida de Xavier Hervas en Loja, la ciudadan\u00eda ha decidido apoyar con m\u00e1s intensidad estos \u00faltimos d\u00edas que se debate el futuro del pa\u00eds. El evento realizado en Loja, denominado <a class=\"oajrlxb2 g5ia77u1 qu0x051f esr5mh6w e9989ue4 r7d6kgcz rq0escxv nhd2j8a9 nc684nl6 p7hjln8o kvgmc6g5 cxmmr5t8 oygrvhab hcukyx3x jb3vyjys rz4wbd8a qt6c0cv9 a8nywdso i1ao9s8h esuyzwwr f1sip0of lzcic4wl q66pz984 gpro0wi8 b1v8xokw\" tabindex=\"0\" role=\"link\" href=\"https:\/\/www.facebook.com\/hashtag\/caedondexavi?__eep__=6&amp;__cft__[0]=AZU__JIsJ3gEz5pAnUKGVAYhMhCOqQKC1UlyiWWgNQraQlblOfP7LCPpkE7tuQtVX0Jaa4Pq_uqLZKTlyZGMaz9AKR1_X0YrjCjG1TvMfiDih5eMqVXW07ZhbX7SQPjxf0A3WBZ_Urf7_SJw_6V2a0YU38CpaM2r0m5JllzEVh6AdkmSvveTpgbKMN5kzYHWuxQ&amp;__tn__=*NK-R\">#CaeDondeXavi<\/a> tuvo acogida con los j\u00f3venes quienes son los principales voluntarios de la campa\u00f1a de Xavier.<\/div>\n<div dir=\"auto\"><\/div>\n<\/div>\n<div class=\"o9v6fnle cxmmr5t8 oygrvhab hcukyx3x c1et5uql ii04i59q\">\n<div dir=\"auto\">A pocos d\u00edas de acudir a las votaciones este domingo 07 de febrero, la Izquierda Democr\u00e1tica liderada en Loja por qui\u00e9n encabeza la lista de asamble\u00edstas, Luc\u00eda Placencia culmin\u00f3 la campa\u00f1a con caravanas en la ma\u00f1ana del 03 de febrero en El Cisne, Chantaco, Gualel y en la noche Malacatos, Vilcabamba, Quilanga y Yangana.<\/div>\n<div dir=\"auto\"><\/div>\n<\/div>\n<div class=\"o9v6fnle cxmmr5t8 oygrvhab hcukyx3x c1et5uql ii04i59q\">\n<div dir=\"auto\">El GRAN CIERRE DE CAMPA\u00d1A ser\u00e1 uno intercantonal que terminar\u00e1 en el basti\u00f3n de la ID, Macar\u00e1.<\/div>\n<div dir=\"auto\"><\/div>\n<\/div>\n<div class=\"o9v6fnle cxmmr5t8 oygrvhab hcukyx3x c1et5uql ii04i59q\">\n<div dir=\"auto\">Se tiene previsto la siguiente ruta para el JUEVES 04 DE FEBRERO: Catamayo (8h00), Paltas (9h30), Celica (12h30), Puyango (14h30), Pindal (16h30), Zapotillo (18h00) y Macar\u00e1 (20h30).<\/div>\n<div dir=\"auto\"><\/div>\n<\/div>\n<div class=\"o9v6fnle cxmmr5t8 oygrvhab hcukyx3x c1et5uql ii04i59q\">\n<div dir=\"auto\">Sobre la agenda, Luc\u00eda Placencia recalc\u00f3 la importancia de \u201crespaldar la candidatura de un presidente que tiene una visi\u00f3n de agro exportaci\u00f3n para el Ecuador (&#8230;) que sabe escuchar, que tiene empat\u00eda especialmente con los j\u00f3venes y que se comprometi\u00f3 con atender la frontera sur, vamos a lograr que Loja construya futuro\u201d<\/div>\n<\/div>\n","protected":false},"excerpt":{"rendered":"<p>#Loja | Izquierda Democr\u00e1tica tendr\u00e1 cierre de campa\u00f1a Intercantonal. Tras la venida de Xavier Hervas&#8230;<\/p>\n","protected":false},"author":1,"featured_media":2281,"comment_status":"open","ping_status":"open","sticky":false,"template":"","format":"standard","meta":{"footnotes":""},"categories":[1],"tags":[],"class_list":["post-2280","post","type-post","status-publish","format-standard","has-post-thumbnail","hentry","category-inicio"],"_links":{"self":[{"href":"https:\/\/www.lodelmomentoloja.com\/index.php?rest_route=\/wp\/v2\/posts\/2280"}],"collection":[{"href":"https:\/\/www.lodelmomentoloja.com\/index.php?rest_route=\/wp\/v2\/posts"}],"about":[{"href":"https:\/\/www.lodelmomentoloja.com\/index.php?rest_route=\/wp\/v2\/types\/post"}],"author":[{"embeddable":true,"href":"https:\/\/www.lodelmomentoloja.com\/index.php?rest_route=\/wp\/v2\/users\/1"}],"replies":[{"embeddable":true,"href":"https:\/\/www.lodelmomentoloja.com\/index.php?rest_route=%2Fwp%2Fv2%2Fcomments&post=2280"}],"version-history":[{"count":1,"href":"https:\/\/www.lodelmomentoloja.com\/index.php?rest_route=\/wp\/v2\/posts\/2280\/revisions"}],"predecessor-version":[{"id":2282,"href":"https:\/\/www.lodelmomentoloja.com\/index.php?rest_route=\/wp\/v2\/posts\/2280\/revisions\/2282"}],"wp:featuredmedia":[{"embeddable":true,"href":"https:\/\/www.lodelmomentoloja.com\/index.php?rest_route=\/wp\/v2\/media\/2281"}],"wp:attachment":[{"href":"https:\/\/www.lodelmomentoloja.com\/index.php?rest_route=%2Fwp%2Fv2%2Fmedia&parent=2280"}],"wp:term":[{"taxonomy":"category","embeddable":true,"href":"https:\/\/www.lodelmomentoloja.com\/index.php?rest_route=%2Fwp%2Fv2%2Fcategories&post=2280"},{"taxonomy":"post_tag","embeddable":true,"href":"https:\/\/www.lodelmomentoloja.com\/index.php?rest_route=%2Fwp%2Fv2%2Ftags&post=2280"}],"curies":[{"name":"wp","href":"https:\/\/api.w.org\/{rel}","templated":true}]}}