{"id":22761,"date":"2024-09-19T15:29:55","date_gmt":"2024-09-19T15:29:55","guid":{"rendered":"https:\/\/www.lodelmomentoloja.com\/?p=22761"},"modified":"2024-09-19T20:36:20","modified_gmt":"2024-09-19T20:36:20","slug":"ecuador-vive-gran-ola-de-sequia-y-estiaje","status":"publish","type":"post","link":"https:\/\/www.lodelmomentoloja.com\/?p=22761","title":{"rendered":"Ecuador vive gran ola de sequ\u00eda y estiaje."},"content":{"rendered":"<p>\u26c8\ufe0f\ud83e\udd75\ud83c\udf24\ufe0f \u00a1Fuerte sequ\u00eda en Ecuador! En medio de una crisis el\u00e9ctrica, nueve provincias del Ecuador, se mantienen en alerta debido a la ausencia de lluvias, seg\u00fan el Inamhi; r\u00edos secos y racionamientos de agua es la preocupaci\u00f3n que viven familias ecuatorianas en diversas provincias.<\/p>\n<div style=\"width: 640px;\" class=\"wp-video\"><!--[if lt IE 9]><script>document.createElement('video');<\/script><![endif]-->\n<video class=\"wp-video-shortcode\" id=\"video-22761-1\" width=\"640\" height=\"360\" preload=\"metadata\" controls=\"controls\"><source type=\"video\/mp4\" src=\"http:\/\/www.lodelmomentoloja.com\/wp-content\/uploads\/2024\/09\/SEQUIA-EN-ECUADOR-REDUCIDO.mp4?_=1\" \/><a href=\"http:\/\/www.lodelmomentoloja.com\/wp-content\/uploads\/2024\/09\/SEQUIA-EN-ECUADOR-REDUCIDO.mp4\">http:\/\/www.lodelmomentoloja.com\/wp-content\/uploads\/2024\/09\/SEQUIA-EN-ECUADOR-REDUCIDO.mp4<\/a><\/video><\/div>\n<p>En medio de una crisis el\u00e9ctrica, nueve provincias del Ecuador, se mantienen en alerta debido a la ausencia de lluvias, seg\u00fan el Inamhi.<\/p>\n<p>Una de las provincias afectadas es Loja, es as\u00ed que, algunos barrios de la ciudad sufren racionamientos de agua que pueden durar 12 horas debido a la falta de presi\u00f3n en las fuentes de captaci\u00f3n en la planta Curitroje Chontacruz que abastece a cerca de 400 familias lojanas, as\u00ed lo ha informado la Unidad Municipal de Agua Potable y Alcantarillado (Umapal). De igual manera, a\u00f1ade que las reservas en la planta Pucar\u00e1 tambi\u00e9n han disminuido generando mayor preocupaci\u00f3n en la poblaci\u00f3n.<\/p>\n<p>En Pichincha, el n\u00famero de barrios con racionamientos de agua incrementa, pues los cortes pueden llegar hasta las 20 horas.<\/p>\n<p>En Cuenca, provincia del Azuay, el panorama luce desalentador, los r\u00edos Tomebamba, Yanuncay y Tarqui han sido declarados en estiaje; a d\u00eda de hoy, en el r\u00edo Tomebamba solamente se observan piedras y sedimentos, seg\u00fan la instituci\u00f3n meteorol\u00f3gica, hace 69 d\u00edas que no llueve por lo que su caudal oscila los 0,8 metros c\u00fabicos por segundo cuando, habitualmente, es de 2,22 metros x seg.<\/p>\n<p>Una situaci\u00f3n similar ocurre en el r\u00edo Yanuncay, pues su caudal es de 0,6 metros c\u00fabicos x seg., generando gran preocupaci\u00f3n, ya que su abundancia se aproxima a los 3,96 metros c\u00fabicos x seg. En el r\u00edo Tarqui, la situaci\u00f3n no mejora, su caudal llega a los 0,58 metros c\u00fabicos x seg., en vez de los 1,60 que presenta normalmente.<\/p>\n<p>El Inamhi se\u00f1ala que en Carchi, Imbabura, Cotopaxi, Tungurahua, El Oro y Pastaza la afluencia de lluvias en escasa por lo que tambi\u00e9n sufren cortes del l\u00edquido vital.<\/p>\n<p>Ante la cr\u00edtica situaci\u00f3n, el Gobierno expres\u00f3, a trav\u00e9s de un comunicado, que Ecuador atraviesa \u201cel peor estiaje de los \u00faltimos 61 a\u00f1os\u201d, premisa que fue sostenida por el ministro de Gobierno Arturo F\u00e9lix Wong en una entrevista radial.<\/p>\n<p>Sin embargo, la informaci\u00f3n difundida fue refutada por la precandidata a la Asamblea de la RC por Loja, Ver\u00f3nica \u00cd\u00f1iguez quien, mediante su cuenta de X se\u00f1al\u00f3 que dichos datos parecen ser falsos, alegando un \u201cdesconocimiento\u201d por parte del Gobierno sobre las estad\u00edsticas meteorol\u00f3gicas que determinan la situaci\u00f3n \u201creal\u201d del pa\u00eds; por lo que hace alusi\u00f3n en 3 puntos clave, la primera que, desde el \u00faltimo bolet\u00edn climatol\u00f3gico que data del 2016, varias estaciones han dejado de operar y no existe una red de estaciones meteorol\u00f3gicas crucial para la vigilancia clim\u00e1tica; la segunda, que el peor estaje ocurri\u00f3 en 1987 y; la tercera que, seg\u00fan el Ministerio de Agricultura, en enero de 2023 las precipitaciones fueron heterog\u00e9neas y, en algunos casos positivas.<\/p>\n<p>La precandidata denuncia una falta de actualizaci\u00f3n de datos que reflejen la realidad meteorol\u00f3gica del Ecuador.<\/p>\n<p>El ministro de Energ\u00eda, en julio pasado advirti\u00f3 que la sequ\u00eda podr\u00eda prolongarse hasta finales de 2024, por lo que, el Inamhi prev\u00e9 que otras provincias puedan enfrentar racionamientos de agua cuyo prop\u00f3sito es precautelar el l\u00edquido vital para enfrentar el estiaje.<\/p>\n<p>\ud83d\udcf2\u25b6\ufe0f Ver video completo en Youtube: https:\/\/youtu.be\/q5OfZgijUZE<\/p>\n<p>\ud83c\udf10\ud83d\udc49 S\u00edguenos en nuestra p\u00e1gina web: www.lodelmomentoloja.com<\/p>\n","protected":false},"excerpt":{"rendered":"<p>\u26c8\ufe0f\ud83e\udd75\ud83c\udf24\ufe0f \u00a1Fuerte sequ\u00eda en Ecuador! En medio de una crisis el\u00e9ctrica, nueve provincias del Ecuador,&#8230;<\/p>\n","protected":false},"author":1,"featured_media":22763,"comment_status":"open","ping_status":"open","sticky":false,"template":"","format":"standard","meta":{"footnotes":""},"categories":[7,1,4,5,6],"tags":[],"class_list":["post-22761","post","type-post","status-publish","format-standard","has-post-thumbnail","hentry","category-ecuador","category-inicio","category-internacional","category-loja","category-zamora"],"_links":{"self":[{"href":"https:\/\/www.lodelmomentoloja.com\/index.php?rest_route=\/wp\/v2\/posts\/22761"}],"collection":[{"href":"https:\/\/www.lodelmomentoloja.com\/index.php?rest_route=\/wp\/v2\/posts"}],"about":[{"href":"https:\/\/www.lodelmomentoloja.com\/index.php?rest_route=\/wp\/v2\/types\/post"}],"author":[{"embeddable":true,"href":"https:\/\/www.lodelmomentoloja.com\/index.php?rest_route=\/wp\/v2\/users\/1"}],"replies":[{"embeddable":true,"href":"https:\/\/www.lodelmomentoloja.com\/index.php?rest_route=%2Fwp%2Fv2%2Fcomments&post=22761"}],"version-history":[{"count":1,"href":"https:\/\/www.lodelmomentoloja.com\/index.php?rest_route=\/wp\/v2\/posts\/22761\/revisions"}],"predecessor-version":[{"id":22764,"href":"https:\/\/www.lodelmomentoloja.com\/index.php?rest_route=\/wp\/v2\/posts\/22761\/revisions\/22764"}],"wp:featuredmedia":[{"embeddable":true,"href":"https:\/\/www.lodelmomentoloja.com\/index.php?rest_route=\/wp\/v2\/media\/22763"}],"wp:attachment":[{"href":"https:\/\/www.lodelmomentoloja.com\/index.php?rest_route=%2Fwp%2Fv2%2Fmedia&parent=22761"}],"wp:term":[{"taxonomy":"category","embeddable":true,"href":"https:\/\/www.lodelmomentoloja.com\/index.php?rest_route=%2Fwp%2Fv2%2Fcategories&post=22761"},{"taxonomy":"post_tag","embeddable":true,"href":"https:\/\/www.lodelmomentoloja.com\/index.php?rest_route=%2Fwp%2Fv2%2Ftags&post=22761"}],"curies":[{"name":"wp","href":"https:\/\/api.w.org\/{rel}","templated":true}]}}