{"id":22725,"date":"2024-09-18T14:55:10","date_gmt":"2024-09-18T14:55:10","guid":{"rendered":"https:\/\/www.lodelmomentoloja.com\/?p=22725"},"modified":"2024-09-18T19:59:53","modified_gmt":"2024-09-18T19:59:53","slug":"programacion-de-cortes-de-energia-electrica-en-la-provincia-de-loja","status":"publish","type":"post","link":"https:\/\/www.lodelmomentoloja.com\/?p=22725","title":{"rendered":"Programaci\u00f3n de cortes de energ\u00eda el\u00e9ctrica en la provincia de Loja"},"content":{"rendered":"<p>\ud83d\ude31\ud83d\udd6f\ufe0f\ud83c\udf03 \u00a1Pilas con las velas! La Empresa El\u00e9ctrica Regional del Sur S.A, ha anunciado la programaci\u00f3n de cortes de energ\u00eda el\u00e9ctrica a nivel provincial, desde el 18 al 19 de septiembre 2024, misma que se divide en dos horarios (de 22:00pm a 02:00am y de 02:00am a 06:00am).<\/p>\n<p><img loading=\"lazy\" decoding=\"async\" class=\"alignnone size-medium wp-image-22726\" src=\"http:\/\/www.lodelmomentoloja.com\/wp-content\/uploads\/2024\/09\/22-a-02-266x300.jpg\" alt=\"\" width=\"266\" height=\"300\" srcset=\"https:\/\/www.lodelmomentoloja.com\/wp-content\/uploads\/2024\/09\/22-a-02-266x300.jpg 266w, https:\/\/www.lodelmomentoloja.com\/wp-content\/uploads\/2024\/09\/22-a-02-906x1024.jpg 906w, https:\/\/www.lodelmomentoloja.com\/wp-content\/uploads\/2024\/09\/22-a-02-768x868.jpg 768w, https:\/\/www.lodelmomentoloja.com\/wp-content\/uploads\/2024\/09\/22-a-02-640x723.jpg 640w, https:\/\/www.lodelmomentoloja.com\/wp-content\/uploads\/2024\/09\/22-a-02-1360x1536.jpg 1360w, https:\/\/www.lodelmomentoloja.com\/wp-content\/uploads\/2024\/09\/22-a-02-1813x2048.jpg 1813w, https:\/\/www.lodelmomentoloja.com\/wp-content\/uploads\/2024\/09\/22-a-02-1024x1157.jpg 1024w\" sizes=\"(max-width: 266px) 100vw, 266px\" \/> \u00a0<img loading=\"lazy\" decoding=\"async\" class=\"alignnone size-medium wp-image-22729\" src=\"http:\/\/www.lodelmomentoloja.com\/wp-content\/uploads\/2024\/09\/de-02-a-06-1-266x300.jpg\" alt=\"\" width=\"266\" height=\"300\" srcset=\"https:\/\/www.lodelmomentoloja.com\/wp-content\/uploads\/2024\/09\/de-02-a-06-1-266x300.jpg 266w, https:\/\/www.lodelmomentoloja.com\/wp-content\/uploads\/2024\/09\/de-02-a-06-1-906x1024.jpg 906w, https:\/\/www.lodelmomentoloja.com\/wp-content\/uploads\/2024\/09\/de-02-a-06-1-768x868.jpg 768w, https:\/\/www.lodelmomentoloja.com\/wp-content\/uploads\/2024\/09\/de-02-a-06-1-640x723.jpg 640w, https:\/\/www.lodelmomentoloja.com\/wp-content\/uploads\/2024\/09\/de-02-a-06-1-1360x1536.jpg 1360w, https:\/\/www.lodelmomentoloja.com\/wp-content\/uploads\/2024\/09\/de-02-a-06-1-1813x2048.jpg 1813w, https:\/\/www.lodelmomentoloja.com\/wp-content\/uploads\/2024\/09\/de-02-a-06-1-1024x1157.jpg 1024w\" sizes=\"(max-width: 266px) 100vw, 266px\" \/> \u00a0<img loading=\"lazy\" decoding=\"async\" class=\"alignnone size-medium wp-image-22727\" src=\"http:\/\/www.lodelmomentoloja.com\/wp-content\/uploads\/2024\/09\/de-02-a-02-2-266x300.jpg\" alt=\"\" width=\"266\" height=\"300\" srcset=\"https:\/\/www.lodelmomentoloja.com\/wp-content\/uploads\/2024\/09\/de-02-a-02-2-266x300.jpg 266w, https:\/\/www.lodelmomentoloja.com\/wp-content\/uploads\/2024\/09\/de-02-a-02-2-906x1024.jpg 906w, https:\/\/www.lodelmomentoloja.com\/wp-content\/uploads\/2024\/09\/de-02-a-02-2-768x868.jpg 768w, https:\/\/www.lodelmomentoloja.com\/wp-content\/uploads\/2024\/09\/de-02-a-02-2-640x723.jpg 640w, https:\/\/www.lodelmomentoloja.com\/wp-content\/uploads\/2024\/09\/de-02-a-02-2-1360x1536.jpg 1360w, https:\/\/www.lodelmomentoloja.com\/wp-content\/uploads\/2024\/09\/de-02-a-02-2-1813x2048.jpg 1813w, https:\/\/www.lodelmomentoloja.com\/wp-content\/uploads\/2024\/09\/de-02-a-02-2-1024x1157.jpg 1024w\" sizes=\"(max-width: 266px) 100vw, 266px\" \/><\/p>\n<p>\ud83c\udf10\ud83d\udc49 S\u00edguenos en nuestra p\u00e1gina web: www.lodelmomentoloja.com<\/p>\n","protected":false},"excerpt":{"rendered":"<p>\ud83d\ude31\ud83d\udd6f\ufe0f\ud83c\udf03 \u00a1Pilas con las velas! La Empresa El\u00e9ctrica Regional del Sur S.A, ha anunciado la&#8230;<\/p>\n","protected":false},"author":1,"featured_media":22730,"comment_status":"open","ping_status":"open","sticky":false,"template":"","format":"standard","meta":{"footnotes":""},"categories":[1,5,6],"tags":[],"class_list":["post-22725","post","type-post","status-publish","format-standard","has-post-thumbnail","hentry","category-inicio","category-loja","category-zamora"],"_links":{"self":[{"href":"https:\/\/www.lodelmomentoloja.com\/index.php?rest_route=\/wp\/v2\/posts\/22725"}],"collection":[{"href":"https:\/\/www.lodelmomentoloja.com\/index.php?rest_route=\/wp\/v2\/posts"}],"about":[{"href":"https:\/\/www.lodelmomentoloja.com\/index.php?rest_route=\/wp\/v2\/types\/post"}],"author":[{"embeddable":true,"href":"https:\/\/www.lodelmomentoloja.com\/index.php?rest_route=\/wp\/v2\/users\/1"}],"replies":[{"embeddable":true,"href":"https:\/\/www.lodelmomentoloja.com\/index.php?rest_route=%2Fwp%2Fv2%2Fcomments&post=22725"}],"version-history":[{"count":1,"href":"https:\/\/www.lodelmomentoloja.com\/index.php?rest_route=\/wp\/v2\/posts\/22725\/revisions"}],"predecessor-version":[{"id":22731,"href":"https:\/\/www.lodelmomentoloja.com\/index.php?rest_route=\/wp\/v2\/posts\/22725\/revisions\/22731"}],"wp:featuredmedia":[{"embeddable":true,"href":"https:\/\/www.lodelmomentoloja.com\/index.php?rest_route=\/wp\/v2\/media\/22730"}],"wp:attachment":[{"href":"https:\/\/www.lodelmomentoloja.com\/index.php?rest_route=%2Fwp%2Fv2%2Fmedia&parent=22725"}],"wp:term":[{"taxonomy":"category","embeddable":true,"href":"https:\/\/www.lodelmomentoloja.com\/index.php?rest_route=%2Fwp%2Fv2%2Fcategories&post=22725"},{"taxonomy":"post_tag","embeddable":true,"href":"https:\/\/www.lodelmomentoloja.com\/index.php?rest_route=%2Fwp%2Fv2%2Ftags&post=22725"}],"curies":[{"name":"wp","href":"https:\/\/api.w.org\/{rel}","templated":true}]}}