{"id":22718,"date":"2024-09-18T13:08:33","date_gmt":"2024-09-18T13:08:33","guid":{"rendered":"https:\/\/www.lodelmomentoloja.com\/?p=22718"},"modified":"2024-09-18T18:45:24","modified_gmt":"2024-09-18T18:45:24","slug":"problemas-internos-en-la-rc","status":"publish","type":"post","link":"https:\/\/www.lodelmomentoloja.com\/?p=22718","title":{"rendered":"\u00bfProblemas internos en la RC?"},"content":{"rendered":"<p>\ud83e\uddd0\ud83d\udde3\ufe0f\ud83d\udc49 \u00bfProblemas internos? Una reciente entrevista de la precandidata a la Asamblea de la RC por Loja, Ver\u00f3nica I\u00f1iguez ha provocado problemas con el movimiento pol\u00edtico y sus actores han reaccionado en su contra, incluido el expresidente Rafael Correa, todo con un criterio en com\u00fan, una \u201ctibia\u201d postura ante las acusaciones del movimiento pol\u00edtico.<\/p>\n<div style=\"width: 640px;\" class=\"wp-video\"><!--[if lt IE 9]><script>document.createElement('video');<\/script><![endif]-->\n<video class=\"wp-video-shortcode\" id=\"video-22718-1\" width=\"640\" height=\"360\" preload=\"metadata\" controls=\"controls\"><source type=\"video\/mp4\" src=\"http:\/\/www.lodelmomentoloja.com\/wp-content\/uploads\/2024\/09\/DISPUTAS-EN-LA-RC-LOJA-REDUCIDO.mp4?_=1\" \/><a href=\"http:\/\/www.lodelmomentoloja.com\/wp-content\/uploads\/2024\/09\/DISPUTAS-EN-LA-RC-LOJA-REDUCIDO.mp4\">http:\/\/www.lodelmomentoloja.com\/wp-content\/uploads\/2024\/09\/DISPUTAS-EN-LA-RC-LOJA-REDUCIDO.mp4<\/a><\/video><\/div>\n<p>Una reciente entrevista de la precandidata a la Asamblea de la RC por Loja, ha provocado problemas con el movimiento pol\u00edtico y sus actores han reaccionado en su contra, incluido el expresidente Rafael Correa.<\/p>\n<p>Pero, \u00bfQu\u00e9 provoc\u00f3 el desconcierto de la RC? I\u00f1iguez fue consultada por los casos de aparente corrupci\u00f3n que involucran a la tienda pol\u00edtica, as\u00ed como sobre la inocencia del exvicepresidente, Jorge Glas y esta fue respuesta.<\/p>\n<p>Esta respuesta despert\u00f3 el descontento del expresidente, Rafael Correa quien, a trav\u00e9s de su cuenta de X expres\u00f3 \u201cQu\u00e9 pena que nuestros candidatos no sepan poner en su lugar a periodistas ignorantones y mala fe, La RC ha sido v\u00edctima de una persecuci\u00f3n de un sistema de justicia\u201d afirmando que varias figuras del corre\u00edsmo han recibido asilo pol\u00edtico de cinco pa\u00edses como Argentina, B\u00e9lgica, Canad\u00e1, M\u00e9xico y Venezuela\u201d. Tras estas acciones, la militancia de este partido ha dejado en tela de duda y muchos le suman como una postura tibia para defender a la RC.<\/p>\n<p>Por otro lado, Alicia Jaramillo una de las figuras de la RC en Loja y cerca a Jorge Glas, critic\u00f3 a I\u00f1iguez se\u00f1alando que \u201cdesconocer la terrible persecuci\u00f3n pol\u00edtica que han sufrido, significa que nunca fue parte del movimiento\u201d.<\/p>\n<p>Algo similar ocurri\u00f3 con Oscar Cumbicus quien, public\u00f3 que las figuras que hoy forman parte de la RC son aquellos que nunca han luchado por el pueblo.<\/p>\n<p>Ante las duras cr\u00edticas que no solamente recibi\u00f3 Ver\u00f3nica I\u00f1iguez, la periodista Mar\u00eda Jos\u00e9 Coronel tambi\u00e9n respondi\u00f3 al expresidente en un post, \u201cel insulto siempre ser\u00e1 el ataque de los cobardes\u201d, escribi\u00f3.<\/p>\n<p>A puertas de una campa\u00f1a electoral \u00bfSer\u00e1n que los candidatos con poca o nula militancia lograr\u00e1n captar el voto de su propio partido? En todo caso, esa es la realidad del corre\u00edsmo en Loja.<\/p>\n<p>\ud83d\udcf2\u25b6\ufe0f Ver video completo en Youtube: https:\/\/youtu.be\/ljSZzzKKQko<\/p>\n<p>\ud83c\udf10\ud83d\udc49 S\u00edguenos en nuestra p\u00e1gina web: www.lodelmomentoloja.com<\/p>\n","protected":false},"excerpt":{"rendered":"<p>\ud83e\uddd0\ud83d\udde3\ufe0f\ud83d\udc49 \u00bfProblemas internos? Una reciente entrevista de la precandidata a la Asamblea de la RC&#8230;<\/p>\n","protected":false},"author":1,"featured_media":22720,"comment_status":"open","ping_status":"open","sticky":false,"template":"","format":"standard","meta":{"footnotes":""},"categories":[7,1,5],"tags":[],"class_list":["post-22718","post","type-post","status-publish","format-standard","has-post-thumbnail","hentry","category-ecuador","category-inicio","category-loja"],"_links":{"self":[{"href":"https:\/\/www.lodelmomentoloja.com\/index.php?rest_route=\/wp\/v2\/posts\/22718"}],"collection":[{"href":"https:\/\/www.lodelmomentoloja.com\/index.php?rest_route=\/wp\/v2\/posts"}],"about":[{"href":"https:\/\/www.lodelmomentoloja.com\/index.php?rest_route=\/wp\/v2\/types\/post"}],"author":[{"embeddable":true,"href":"https:\/\/www.lodelmomentoloja.com\/index.php?rest_route=\/wp\/v2\/users\/1"}],"replies":[{"embeddable":true,"href":"https:\/\/www.lodelmomentoloja.com\/index.php?rest_route=%2Fwp%2Fv2%2Fcomments&post=22718"}],"version-history":[{"count":1,"href":"https:\/\/www.lodelmomentoloja.com\/index.php?rest_route=\/wp\/v2\/posts\/22718\/revisions"}],"predecessor-version":[{"id":22721,"href":"https:\/\/www.lodelmomentoloja.com\/index.php?rest_route=\/wp\/v2\/posts\/22718\/revisions\/22721"}],"wp:featuredmedia":[{"embeddable":true,"href":"https:\/\/www.lodelmomentoloja.com\/index.php?rest_route=\/wp\/v2\/media\/22720"}],"wp:attachment":[{"href":"https:\/\/www.lodelmomentoloja.com\/index.php?rest_route=%2Fwp%2Fv2%2Fmedia&parent=22718"}],"wp:term":[{"taxonomy":"category","embeddable":true,"href":"https:\/\/www.lodelmomentoloja.com\/index.php?rest_route=%2Fwp%2Fv2%2Fcategories&post=22718"},{"taxonomy":"post_tag","embeddable":true,"href":"https:\/\/www.lodelmomentoloja.com\/index.php?rest_route=%2Fwp%2Fv2%2Ftags&post=22718"}],"curies":[{"name":"wp","href":"https:\/\/api.w.org\/{rel}","templated":true}]}}