{"id":22680,"date":"2024-09-17T11:22:03","date_gmt":"2024-09-17T11:22:03","guid":{"rendered":"https:\/\/www.lodelmomentoloja.com\/?p=22680"},"modified":"2024-09-17T16:28:21","modified_gmt":"2024-09-17T16:28:21","slug":"funcionarios-con-alto-riesgo-no-cuentan-con-la-proteccion-adecuada","status":"publish","type":"post","link":"https:\/\/www.lodelmomentoloja.com\/?p=22680","title":{"rendered":"Funcionarios con alto riesgo no cuentan con la protecci\u00f3n adecuada"},"content":{"rendered":"<p>\ud83d\udea8\ud83e\uddd0\ud83d\udc49 \u00a1En manos de la d3l1ncv3nc14! El 4s3s1n4t0 de la Directora encargada de la Penitenciaria del Litoral, Mar\u00eda Daniela Icaza, el pasado jueves, revelar\u00eda la falta de protecci\u00f3n que, a d\u00eda de hoy, tendr\u00edan los funcionarios de los centros carcelarios. No obstante, en marzo de 2023, el expresidente Guillermo Lasso adquiri\u00f3 94 veh\u00edculos que estar\u00edan a disposici\u00f3n para personas y funcionarios con alto riesgo; pero \u00bfD\u00f3nde est\u00e1n estos veh\u00edculos?<\/p>\n<div style=\"width: 640px;\" class=\"wp-video\"><!--[if lt IE 9]><script>document.createElement('video');<\/script><![endif]-->\n<video class=\"wp-video-shortcode\" id=\"video-22680-1\" width=\"640\" height=\"360\" preload=\"metadata\" controls=\"controls\"><source type=\"video\/mp4\" src=\"http:\/\/www.lodelmomentoloja.com\/wp-content\/uploads\/2024\/09\/SEGURIDAD-DE-DIRECTORES-REDUCIDO.mp4?_=1\" \/><a href=\"http:\/\/www.lodelmomentoloja.com\/wp-content\/uploads\/2024\/09\/SEGURIDAD-DE-DIRECTORES-REDUCIDO.mp4\">http:\/\/www.lodelmomentoloja.com\/wp-content\/uploads\/2024\/09\/SEGURIDAD-DE-DIRECTORES-REDUCIDO.mp4<\/a><\/video><\/div>\n<p>&nbsp;<\/p>\n<p>El 4s3s1n4t0 de la Directora encargada de la Penitenciaria del Litoral, Mar\u00eda Daniela Icaza, el pasado jueves, revelar\u00eda la falta de protecci\u00f3n que, a d\u00eda de hoy, tendr\u00edan los funcionarios de los centros carcelarios.<\/p>\n<p>Seg\u00fan el reporte policial, Icaza fue 4s3s1n4d4 cuando se movilizaba en un veh\u00edculo particular color rojo, sin alg\u00fan tipo de protecci\u00f3n. No obstante, recordemos que, en marzo de 2023, el expresidente Guillermo Lasso adquiri\u00f3 94 veh\u00edculos que estar\u00edan a disposici\u00f3n para personas y funcionarios con alto riesgo.<\/p>\n<p>De los 94, 57 fueron destinadas para la Polic\u00eda Nacional, 28 para el Servicio de Atenci\u00f3n a Privados de Libertad (SNAI) y 9 paras las unidades de frontera de las FF.AA., funcionarios del Gobierno de Lasso expresaron que los 28 veh\u00edculos del SNAI deb\u00edan ser entregados a los directores de centros penitenciarios para su seguridad.<\/p>\n<p>Pero, \u00bfD\u00f3nde est\u00e1n estos veh\u00edculos? La ministra del Interior, M\u00f3nica Palencia, parece no tener una respuesta clara.<\/p>\n<p>As\u00ed mismo, con respecto a la seguridad de los directores de los centros penitenciarios, la titular de la cartera de estado manifest\u00f3 que la seguridad para los funcionarios se la solicita de manera formal, bas\u00e1ndose en los an\u00e1lisis de riesgo.<\/p>\n<p>Por lo que, a trav\u00e9s de un comunicado, la Polic\u00eda Nacional inform\u00f3 que, por parte de la occisa \u201cno existi\u00f3 requerimiento de an\u00e1lisis de riesgo personal para que asign\u00e1ramos servidores policiales, ni una notificaci\u00f3n de 4m3n4z4s o necesidad de protecci\u00f3n\u201d.<\/p>\n<p>Acci\u00f3n por la cual, seg\u00fan la instituci\u00f3n, Mar\u00eda Icaza con contaba con la seguridad necesaria el d\u00eda de la tragedia.<\/p>\n<p>\ud83d\udcf2\u25b6\ufe0f Ver video completo en Youtube: https:\/\/youtu.be\/Y_4kE9rPx9w<\/p>\n<p>\ud83c\udf10\ud83d\udc49 S\u00edguenos en nuestra p\u00e1gina web: www.lodelmomentoloja.com<\/p>\n","protected":false},"excerpt":{"rendered":"<p>\ud83d\udea8\ud83e\uddd0\ud83d\udc49 \u00a1En manos de la d3l1ncv3nc14! El 4s3s1n4t0 de la Directora encargada de la Penitenciaria&#8230;<\/p>\n","protected":false},"author":1,"featured_media":22681,"comment_status":"open","ping_status":"open","sticky":false,"template":"","format":"standard","meta":{"footnotes":""},"categories":[7,1,5],"tags":[],"class_list":["post-22680","post","type-post","status-publish","format-standard","has-post-thumbnail","hentry","category-ecuador","category-inicio","category-loja"],"_links":{"self":[{"href":"https:\/\/www.lodelmomentoloja.com\/index.php?rest_route=\/wp\/v2\/posts\/22680"}],"collection":[{"href":"https:\/\/www.lodelmomentoloja.com\/index.php?rest_route=\/wp\/v2\/posts"}],"about":[{"href":"https:\/\/www.lodelmomentoloja.com\/index.php?rest_route=\/wp\/v2\/types\/post"}],"author":[{"embeddable":true,"href":"https:\/\/www.lodelmomentoloja.com\/index.php?rest_route=\/wp\/v2\/users\/1"}],"replies":[{"embeddable":true,"href":"https:\/\/www.lodelmomentoloja.com\/index.php?rest_route=%2Fwp%2Fv2%2Fcomments&post=22680"}],"version-history":[{"count":1,"href":"https:\/\/www.lodelmomentoloja.com\/index.php?rest_route=\/wp\/v2\/posts\/22680\/revisions"}],"predecessor-version":[{"id":22683,"href":"https:\/\/www.lodelmomentoloja.com\/index.php?rest_route=\/wp\/v2\/posts\/22680\/revisions\/22683"}],"wp:featuredmedia":[{"embeddable":true,"href":"https:\/\/www.lodelmomentoloja.com\/index.php?rest_route=\/wp\/v2\/media\/22681"}],"wp:attachment":[{"href":"https:\/\/www.lodelmomentoloja.com\/index.php?rest_route=%2Fwp%2Fv2%2Fmedia&parent=22680"}],"wp:term":[{"taxonomy":"category","embeddable":true,"href":"https:\/\/www.lodelmomentoloja.com\/index.php?rest_route=%2Fwp%2Fv2%2Fcategories&post=22680"},{"taxonomy":"post_tag","embeddable":true,"href":"https:\/\/www.lodelmomentoloja.com\/index.php?rest_route=%2Fwp%2Fv2%2Ftags&post=22680"}],"curies":[{"name":"wp","href":"https:\/\/api.w.org\/{rel}","templated":true}]}}