{"id":2267,"date":"2021-02-03T13:00:50","date_gmt":"2021-02-03T13:00:50","guid":{"rendered":"http:\/\/www.lodelmomentoloja.com\/?p=2267"},"modified":"2021-02-03T19:00:39","modified_gmt":"2021-02-03T19:00:39","slug":"ley-seca-tras-comicios-2021-en-ecuador","status":"publish","type":"post","link":"https:\/\/www.lodelmomentoloja.com\/?p=2267","title":{"rendered":"Ley seca tras comicios 2021 en Ecuador"},"content":{"rendered":"<div class=\"kvgmc6g5 cxmmr5t8 oygrvhab hcukyx3x c1et5uql ii04i59q\">\n<div dir=\"auto\"><a class=\"oajrlxb2 g5ia77u1 qu0x051f esr5mh6w e9989ue4 r7d6kgcz rq0escxv nhd2j8a9 nc684nl6 p7hjln8o kvgmc6g5 cxmmr5t8 oygrvhab hcukyx3x jb3vyjys rz4wbd8a qt6c0cv9 a8nywdso i1ao9s8h esuyzwwr f1sip0of lzcic4wl q66pz984 gpro0wi8 b1v8xokw\" tabindex=\"0\" role=\"link\" href=\"https:\/\/www.facebook.com\/hashtag\/ecuador?__eep__=6&amp;__cft__[0]=AZXCQlsyFUkLi-0_JLXePvxpblrkxI-0BoQ2GhfDKzgz8JZRn5kVhcGX4wl3VWvaH_0--3cCfvE_4zQmwaa-XYjjL4vTs5gAyjddFhAn2cVoEIRKl8TFubLR5rDeQc6QWiFVnu7RoAorsCM5HqKNp6ouMW0Br7zxkHbWXCh3frxUPXj_dwTTwBtBvMcpzZxHPPg&amp;__tn__=*NK-R\">#Ecuador<\/a> | Ley seca inicia desde este jueves 04 de febrero de 2021.<\/div>\n<\/div>\n<div dir=\"auto\"><\/div>\n<div class=\"o9v6fnle cxmmr5t8 oygrvhab hcukyx3x c1et5uql ii04i59q\">\n<div dir=\"auto\">Hoy, mediante rueda de prensa sobre el Plan Operativo para Elecciones Generales del 7 de febrero de 2021, Diana Atamaint, presidenta del CNE dio a conocer detalles del desarrollo del proceso electoral. La ley seca inicia desde este jueves 04 de febrero de 2021 a partir de las 23H59 minutos, desde la misma fecha y hora tambi\u00e9n se cumple el silencio electoral.<\/div>\n<\/div>\n<div dir=\"auto\"><\/div>\n<div class=\"o9v6fnle cxmmr5t8 oygrvhab hcukyx3x c1et5uql ii04i59q\">\n<div dir=\"auto\">A partir de las 20H00 se podr\u00e1 tener resultados del conteo r\u00e1pido segundo inform\u00f3 Atamaint. Se espera que antes de la media noche del 07 de febrero se pueda obtener resultados oficiales dependiendo de las Juntas Receptoras del Voto.<\/div>\n<\/div>\n<div dir=\"auto\"><\/div>\n<div class=\"o9v6fnle cxmmr5t8 oygrvhab hcukyx3x c1et5uql ii04i59q\">\n<div dir=\"auto\">Adem\u00e1s, asegur\u00f3 que, los contagios por COVID-19 no se producen dentro de los recintos electorales sino \u201cfuera de ellos, sea por aglomeraciones de simpatizantes o por la venta informal de comercio\u201d recalc\u00f3 Diana Atamaint.<\/div>\n<\/div>\n","protected":false},"excerpt":{"rendered":"<p>#Ecuador | Ley seca inicia desde este jueves 04 de febrero de 2021. Hoy, mediante&#8230;<\/p>\n","protected":false},"author":1,"featured_media":2266,"comment_status":"open","ping_status":"open","sticky":false,"template":"","format":"standard","meta":{"footnotes":""},"categories":[1],"tags":[],"class_list":["post-2267","post","type-post","status-publish","format-standard","has-post-thumbnail","hentry","category-inicio"],"_links":{"self":[{"href":"https:\/\/www.lodelmomentoloja.com\/index.php?rest_route=\/wp\/v2\/posts\/2267"}],"collection":[{"href":"https:\/\/www.lodelmomentoloja.com\/index.php?rest_route=\/wp\/v2\/posts"}],"about":[{"href":"https:\/\/www.lodelmomentoloja.com\/index.php?rest_route=\/wp\/v2\/types\/post"}],"author":[{"embeddable":true,"href":"https:\/\/www.lodelmomentoloja.com\/index.php?rest_route=\/wp\/v2\/users\/1"}],"replies":[{"embeddable":true,"href":"https:\/\/www.lodelmomentoloja.com\/index.php?rest_route=%2Fwp%2Fv2%2Fcomments&post=2267"}],"version-history":[{"count":1,"href":"https:\/\/www.lodelmomentoloja.com\/index.php?rest_route=\/wp\/v2\/posts\/2267\/revisions"}],"predecessor-version":[{"id":2268,"href":"https:\/\/www.lodelmomentoloja.com\/index.php?rest_route=\/wp\/v2\/posts\/2267\/revisions\/2268"}],"wp:featuredmedia":[{"embeddable":true,"href":"https:\/\/www.lodelmomentoloja.com\/index.php?rest_route=\/wp\/v2\/media\/2266"}],"wp:attachment":[{"href":"https:\/\/www.lodelmomentoloja.com\/index.php?rest_route=%2Fwp%2Fv2%2Fmedia&parent=2267"}],"wp:term":[{"taxonomy":"category","embeddable":true,"href":"https:\/\/www.lodelmomentoloja.com\/index.php?rest_route=%2Fwp%2Fv2%2Fcategories&post=2267"},{"taxonomy":"post_tag","embeddable":true,"href":"https:\/\/www.lodelmomentoloja.com\/index.php?rest_route=%2Fwp%2Fv2%2Ftags&post=2267"}],"curies":[{"name":"wp","href":"https:\/\/api.w.org\/{rel}","templated":true}]}}