{"id":22651,"date":"2024-09-16T15:32:23","date_gmt":"2024-09-16T15:32:23","guid":{"rendered":"https:\/\/www.lodelmomentoloja.com\/?p=22651"},"modified":"2024-09-16T21:04:05","modified_gmt":"2024-09-16T21:04:05","slug":"los-camisetazos-en-la-politica-son-parte-de-una-estrategia-electoral","status":"publish","type":"post","link":"https:\/\/www.lodelmomentoloja.com\/?p=22651","title":{"rendered":"Los camisetazos en la pol\u00edtica son parte de una estrategia electoral"},"content":{"rendered":"<p>\ud83e\udd2f\ud83e\uddd0\ud83d\udde3\ufe0f \u00a1Al mejor postor! Los camisetazos en la pol\u00edtica son parte de una estrategia electoral para camuflarse como candidatos que buscan evitar un pasado o netamente, verse diferentes; algunos de los postulantes en Loja la han usado ya desde hace 20 y 30 a\u00f1os; el caso de Rafael D\u00e1vila es el m\u00e1s visible con m\u00e1s de una de decenas de partidos pol\u00edticos.<\/p>\n<div style=\"width: 640px;\" class=\"wp-video\"><!--[if lt IE 9]><script>document.createElement('video');<\/script><![endif]-->\n<video class=\"wp-video-shortcode\" id=\"video-22651-1\" width=\"640\" height=\"360\" preload=\"metadata\" controls=\"controls\"><source type=\"video\/mp4\" src=\"http:\/\/www.lodelmomentoloja.com\/wp-content\/uploads\/2024\/09\/CAMISETAZOS-DE-DAVILA-REDUCIDO.mp4?_=1\" \/><a href=\"http:\/\/www.lodelmomentoloja.com\/wp-content\/uploads\/2024\/09\/CAMISETAZOS-DE-DAVILA-REDUCIDO.mp4\">http:\/\/www.lodelmomentoloja.com\/wp-content\/uploads\/2024\/09\/CAMISETAZOS-DE-DAVILA-REDUCIDO.mp4<\/a><\/video><\/div>\n<p>Los camisetazos en la pol\u00edtica son parte de una estrategia electoral para camuflarse como candidatos que buscan evitar un pasado o netamente, verse diferentes; algunos de los postulantes en Loja la han usado ya desde hace 20 y 30 a\u00f1os y este nuevo proceso electoral 2025 no pod\u00eda ser una excepci\u00f3n.<\/p>\n<p>Tal es el caso del actual asamble\u00edsta Rafael D\u00e1vila quien, desde sus inicios, los \u00b4camisetazos\u00b4 han formado parte de su carrera pol\u00edtica. Recordemos que D\u00e1vila fue diputado por la provincia de Loja por el partido Democracia Popular en 1998. En 2003, fue reelecto al mismo cargo, en aquella ocasi\u00f3n, por la alianza entre Izquierda Democr\u00e1tica y el Movimiento de Integraci\u00f3n Regional Ecuatoriana (MIRE), donde conjugaba con figuras como Nivea V\u00e9lez y el Chato Castillo.<\/p>\n<p>Para 2009, por primera ocasi\u00f3n, fue asamble\u00edsta por la provincia de Loja en representaci\u00f3n del movimiento Conciencia Ciudadana, pero no es todo; en las elecciones seccionales de 2014, lleg\u00f3 a la Prefectura de Loja por la alianza entre los movimientos CREO y Convocatoria bajo la denominada Alianza \u201cCAMINO AL PROGRESO\u201d en el que fue binomio con Nivia V\u00e9lez y; para las elecciones de 2019 los pactos se agradaron, ya que unieron a CREO, Convocatoria, Adelante Ecuatoriano Adelante, Fuerza EC de Abdal\u00e1 Bucar\u00e1m, Uni\u00f3n Ecuatoriana y Juntos Podemos, ahora RETO.<\/p>\n<p>No obstante, tras la muerte cruzada en 2023, D\u00e1vila paso de estar con Guillermo Lasso para ir con el candidato Otto Sonnenholzner, tambi\u00e9n exvicepresidente de Lenin Moreno, aqu\u00ed, fueron por la alianza Avanza y Suma, quien no solo le permiti\u00f3 ingresar a la asamblea en el cuarto y \u00faltimo lugar.<\/p>\n<p>Hay que recordar, que durante este a\u00f1o 2024, desde que Daniel Noboa asume la presidencia, D\u00e1vila buscaba ir por ADN, pero en vista que no fue tomado en cuenta, en un inicio decidi\u00f3 dar una pausa en su carrera pol\u00edtica, pero no fue hasta poder enterarse que Jan Topic ir\u00eda con SUMA, algo que le hizo cambiar de parecer.<\/p>\n<p>En la actualidad, para el 2024, D\u00e1vila busca reelegirse, pero esta vez de la mano de Jan Topic para el 2025 y con el apoyo del Exgobernador de Lasso y actual Prefecto de Loja Mario Mancino quien, a pesar de expresar su mera concentraci\u00f3n en la entidad provincial, su nexo con D\u00e1vila sigue siendo s\u00f3lido, as\u00ed lo mencion\u00f3 el Prefecto de Loja en una entrevista radial.<\/p>\n<p>D\u00e1vila acumula 27 a\u00f1os participando en pol\u00edtica, pasando por m\u00e1s de una docena de partidos, que, al parecer, para los pol\u00edticos, lo importante es llegar, l\u00f3gicamente, alineado a una tienda pol\u00edtica que pueda dar el triunfo sin importar su ideolog\u00eda, tendencia o plan de trabajo.<br \/>\n\ud83d\udcf2\u25b6\ufe0f Ver video completo en Youtube: https:\/\/youtu.be\/t_wJJnErmSs<\/p>\n<p>\ud83c\udf10\ud83d\udc49 S\u00edguenos en nuestra p\u00e1gina web: www.lodelmomentoloja.com<\/p>\n","protected":false},"excerpt":{"rendered":"<p>\ud83e\udd2f\ud83e\uddd0\ud83d\udde3\ufe0f \u00a1Al mejor postor! Los camisetazos en la pol\u00edtica son parte de una estrategia electoral&#8230;<\/p>\n","protected":false},"author":1,"featured_media":22653,"comment_status":"open","ping_status":"open","sticky":false,"template":"","format":"standard","meta":{"footnotes":""},"categories":[7,1,5],"tags":[],"class_list":["post-22651","post","type-post","status-publish","format-standard","has-post-thumbnail","hentry","category-ecuador","category-inicio","category-loja"],"_links":{"self":[{"href":"https:\/\/www.lodelmomentoloja.com\/index.php?rest_route=\/wp\/v2\/posts\/22651"}],"collection":[{"href":"https:\/\/www.lodelmomentoloja.com\/index.php?rest_route=\/wp\/v2\/posts"}],"about":[{"href":"https:\/\/www.lodelmomentoloja.com\/index.php?rest_route=\/wp\/v2\/types\/post"}],"author":[{"embeddable":true,"href":"https:\/\/www.lodelmomentoloja.com\/index.php?rest_route=\/wp\/v2\/users\/1"}],"replies":[{"embeddable":true,"href":"https:\/\/www.lodelmomentoloja.com\/index.php?rest_route=%2Fwp%2Fv2%2Fcomments&post=22651"}],"version-history":[{"count":1,"href":"https:\/\/www.lodelmomentoloja.com\/index.php?rest_route=\/wp\/v2\/posts\/22651\/revisions"}],"predecessor-version":[{"id":22654,"href":"https:\/\/www.lodelmomentoloja.com\/index.php?rest_route=\/wp\/v2\/posts\/22651\/revisions\/22654"}],"wp:featuredmedia":[{"embeddable":true,"href":"https:\/\/www.lodelmomentoloja.com\/index.php?rest_route=\/wp\/v2\/media\/22653"}],"wp:attachment":[{"href":"https:\/\/www.lodelmomentoloja.com\/index.php?rest_route=%2Fwp%2Fv2%2Fmedia&parent=22651"}],"wp:term":[{"taxonomy":"category","embeddable":true,"href":"https:\/\/www.lodelmomentoloja.com\/index.php?rest_route=%2Fwp%2Fv2%2Fcategories&post=22651"},{"taxonomy":"post_tag","embeddable":true,"href":"https:\/\/www.lodelmomentoloja.com\/index.php?rest_route=%2Fwp%2Fv2%2Ftags&post=22651"}],"curies":[{"name":"wp","href":"https:\/\/api.w.org\/{rel}","templated":true}]}}