{"id":22647,"date":"2024-09-16T14:54:20","date_gmt":"2024-09-16T14:54:20","guid":{"rendered":"https:\/\/www.lodelmomentoloja.com\/?p=22647"},"modified":"2024-09-16T19:05:26","modified_gmt":"2024-09-16T19:05:26","slug":"apagon-nacional-y-toque-de-queda","status":"publish","type":"post","link":"https:\/\/www.lodelmomentoloja.com\/?p=22647","title":{"rendered":"Apag\u00f3n nacional y toque de queda"},"content":{"rendered":"<p>\ud83d\udd6f\ufe0f\ud83e\uddd0\ud83d\udde3\ufe0f \u00a1Apag\u00f3n nacional! La ministra M\u00f3nica Palencia, anuncia que habr\u00e1 toque de queda, luego de que el Gobierno informara un apag\u00f3n a escala nacional que iniciar\u00e1 a las partir de las 22h00 del mi\u00e9rcoles 18 de septiembre hasta las 06h00 del jueves 19. Sin embargo, la ciudadan\u00eda prev\u00e9 paralizaci\u00f3n de actividades cuyas p\u00e9rdidas oscila los USD 12 millones por cada hora sin suministro el\u00e9ctrico, adem\u00e1s de la inseguridad que podr\u00edan enfrentar.<\/p>\n<div style=\"width: 640px;\" class=\"wp-video\"><!--[if lt IE 9]><script>document.createElement('video');<\/script><![endif]-->\n<video class=\"wp-video-shortcode\" id=\"video-22647-1\" width=\"640\" height=\"360\" preload=\"metadata\" controls=\"controls\"><source type=\"video\/mp4\" src=\"http:\/\/www.lodelmomentoloja.com\/wp-content\/uploads\/2024\/09\/TOQUE-DE-QUESA-REDUCIDO.mp4?_=1\" \/><a href=\"http:\/\/www.lodelmomentoloja.com\/wp-content\/uploads\/2024\/09\/TOQUE-DE-QUESA-REDUCIDO.mp4\">http:\/\/www.lodelmomentoloja.com\/wp-content\/uploads\/2024\/09\/TOQUE-DE-QUESA-REDUCIDO.mp4<\/a><\/video><\/div>\n<p>El Gobierno anunci\u00f3 un apag\u00f3n de 8 horas a escala nacional. Seg\u00fan el comunicado emitido el domingo 15 de septiembre, la suspensi\u00f3n del servicio se realizar\u00e1 debido a que se adelantar\u00e1n trabajos de mantenimiento en el sistema de transmisi\u00f3n y redes de distribuci\u00f3n el\u00e9ctrica.<\/p>\n<p>El corte iniciar\u00e1 a las partir de las 22h00 del mi\u00e9rcoles 18 de septiembre hasta las 06h00 del jueves 19. \u201cEste horario fue escogido\u2026 para evitar la afecci\u00f3n en el desarrollo de la vida cotidiana de los ecuatorianos y la productividad de pa\u00eds\u201d, se\u00f1ala el comunicado.<\/p>\n<p>Como parte de las medidas implementadas por el Gobierno para evitar que las ocho horas sin luz causen estragos mayores, la ministra M\u00f3nica Palencia anunci\u00f3, este lunes 16 de septiembre, que habr\u00e1 toque de queda debido al apag\u00f3n.<\/p>\n<p>La ministra del Interior hizo el anuncio durante una conferencia de prensa del Bloque de Seguridad en Manta, provincia de Manab\u00ed. As\u00ed mismo, las Fuerzas Armadas desplegar\u00e1n operaciones y mecanismos para evitar que la delincuencia haga de las suyas, puesto que, seg\u00fan las estad\u00edsticas, un 65% de los delitos ocurren a partir de las 19h00 y las provincias con mayores \u00edndices de criminalidad nocturna son Guayas, El Oro, Manab\u00ed y Los R\u00edos. De igual manera, se registra que el 21% de los asesinatos ocurren entre las 19h00 y la medianoche y un 44% desde las 12h00 y las 05h00.<\/p>\n<p>Pero no es todo, la inseguridad no es lo \u00fanico que preocupa a los ciudadanos, sino, adem\u00e1s las grandes p\u00e9rdidas que sufrir\u00e1n las familias ecuatorianas debido a la cantidad de horas que no contar\u00e1n con el servicio de luz el\u00e9ctrica. Seg\u00fan la C\u00e1mara de Comercio de Guayaquil, por cada hora sin el suministro el\u00e9ctrico a Ecuador le cuesta USD 12 millones.<\/p>\n<p>Para enfrentar la crisis, El Gobierno anunci\u00f3 la llegaba de la Barcaza Turca Emre Bey y aunque ya se ha realizado algunos experimentos, los resultados parecen a\u00fan no mantener en incertidumbre a los ecuatorianos.<\/p>\n<p>\ud83d\udcf2\u25b6\ufe0f Ver video completo en Youtube: https:\/\/youtu.be\/fgVG2_qF7gs<\/p>\n<p>\ud83c\udf10\ud83d\udc49 S\u00edguenos en nuestra p\u00e1gina web: www.lodelmomentoloja.com<\/p>\n","protected":false},"excerpt":{"rendered":"<p>\ud83d\udd6f\ufe0f\ud83e\uddd0\ud83d\udde3\ufe0f \u00a1Apag\u00f3n nacional! La ministra M\u00f3nica Palencia, anuncia que habr\u00e1 toque de queda, luego de&#8230;<\/p>\n","protected":false},"author":1,"featured_media":22649,"comment_status":"open","ping_status":"open","sticky":false,"template":"","format":"standard","meta":{"footnotes":""},"categories":[7,1,5],"tags":[],"class_list":["post-22647","post","type-post","status-publish","format-standard","has-post-thumbnail","hentry","category-ecuador","category-inicio","category-loja"],"_links":{"self":[{"href":"https:\/\/www.lodelmomentoloja.com\/index.php?rest_route=\/wp\/v2\/posts\/22647"}],"collection":[{"href":"https:\/\/www.lodelmomentoloja.com\/index.php?rest_route=\/wp\/v2\/posts"}],"about":[{"href":"https:\/\/www.lodelmomentoloja.com\/index.php?rest_route=\/wp\/v2\/types\/post"}],"author":[{"embeddable":true,"href":"https:\/\/www.lodelmomentoloja.com\/index.php?rest_route=\/wp\/v2\/users\/1"}],"replies":[{"embeddable":true,"href":"https:\/\/www.lodelmomentoloja.com\/index.php?rest_route=%2Fwp%2Fv2%2Fcomments&post=22647"}],"version-history":[{"count":1,"href":"https:\/\/www.lodelmomentoloja.com\/index.php?rest_route=\/wp\/v2\/posts\/22647\/revisions"}],"predecessor-version":[{"id":22650,"href":"https:\/\/www.lodelmomentoloja.com\/index.php?rest_route=\/wp\/v2\/posts\/22647\/revisions\/22650"}],"wp:featuredmedia":[{"embeddable":true,"href":"https:\/\/www.lodelmomentoloja.com\/index.php?rest_route=\/wp\/v2\/media\/22649"}],"wp:attachment":[{"href":"https:\/\/www.lodelmomentoloja.com\/index.php?rest_route=%2Fwp%2Fv2%2Fmedia&parent=22647"}],"wp:term":[{"taxonomy":"category","embeddable":true,"href":"https:\/\/www.lodelmomentoloja.com\/index.php?rest_route=%2Fwp%2Fv2%2Fcategories&post=22647"},{"taxonomy":"post_tag","embeddable":true,"href":"https:\/\/www.lodelmomentoloja.com\/index.php?rest_route=%2Fwp%2Fv2%2Ftags&post=22647"}],"curies":[{"name":"wp","href":"https:\/\/api.w.org\/{rel}","templated":true}]}}