{"id":22626,"date":"2024-09-11T15:43:04","date_gmt":"2024-09-11T15:43:04","guid":{"rendered":"https:\/\/www.lodelmomentoloja.com\/?p=22626"},"modified":"2024-09-11T20:46:10","modified_gmt":"2024-09-11T20:46:10","slug":"denuncian-rechazo-a-menor-con-autismo-en-ecuador","status":"publish","type":"post","link":"https:\/\/www.lodelmomentoloja.com\/?p=22626","title":{"rendered":"Denuncian rechazo a menor con autismo en Ecuador"},"content":{"rendered":"<p>\ud83e\udd2f\ud83d\ude24\ud83d\udcda \u00a1Denuncian d1scr1m1n4c10n! Un menor de tan solo 7 a\u00f1os de edad, ha sufrido rechazo de cerca de 15 colegios particulares en Quito, \u00bfla raz\u00f3n? Seg\u00fan sus padres, se deber\u00eda al autismo que padece, testimonios como este, fueron recopilados por el portal Primicias, sus varios padres de familias relataron la aparente d1scr1m1n4c10n que vivir\u00edan sus hijos por parte de los establecimientos educativos.<\/p>\n<p>Un menor de tan solo 7 a\u00f1os de edad, ha sufrido rechazo de cerca de 15 colegios particulares en Quito, \u00bfla raz\u00f3n? Seg\u00fan sus padres, se deber\u00eda al autismo que padece, se trata de una discapacidad psicosocial que afecta, en gran medida, la comunicaci\u00f3n e interacci\u00f3n con las personas.<\/p>\n<p>\u201cNo tenemos cupo, no tenemos personal o no estamos capacitados\u201d ser\u00edan algunas de las justificaciones que recibe la madre del peque\u00f1o cuando ha buscado un cupo para este periodo acad\u00e9mico, de momento, sin ning\u00fan \u00e9xito.<\/p>\n<p>\u201cAl principio, todas las escuelas se muestran amables, pero, cuando les digo que padece autismo, me niegan el cupo\u201d, expres\u00f3 la madre del menor, Cynthia Andino, al portal Primicias. Seg\u00fan el medio, en su larga b\u00fasqueda, se ha encontrado con otros padres de familia con las mismas dificultades, ya que, sus ni\u00f1os presentan alguna discapacidad.<\/p>\n<p>Tal es el caso de Andr\u00e9s Sol\u00f3rzano, pues su hijo de 10 a\u00f1os tiene s\u00edndrome de Down y en 12 escuelas de Quito, no lo aceptaron, por lo que busc\u00f3 medidas cautelares como contratar una docente particular para que el infante mantenga el ritmo acad\u00e9mico. Otra madre de familia asegura que su hija con discapacidad no recibe la misma atenci\u00f3n que el resto de estudiantes, recalcando que su aprendizaje avanza lento.<\/p>\n<p>Los testimonios recopilados por Primicias, hicieron ECO, en el Ministerio de Educaci\u00f3n, pues su titular, Alegr\u00eda Crespo dijo en cuenta de X que &#8220;Como ministra tengo el compromiso y la responsabilidad\u2026 de mejorar las condiciones para que todos los ni\u00f1os, ni\u00f1as y adolescentes tengan acceso a la educaci\u00f3n&#8221;. Adem\u00e1s, hizo un llamado a las instituciones educativas para tener una \u201cmirada incluyente y humana\u201d.<\/p>\n<p>De momento, el caso del menor con autismo, fue llevado a la justicia, pues sus padres presentaron una acci\u00f3n de protecci\u00f3n contra uno de las escuelas que no lo acept\u00f3, alegando una violaci\u00f3n a la Constituci\u00f3n y Ley Org\u00e1nica de Educaci\u00f3n Intercultural.<\/p>\n<p>\ud83d\udcf2\u25b6\ufe0f Ver video completo en Youtube:\u00a0<a href=\"https:\/\/youtu.be\/QL6Vbp2fY3U\">https:\/\/youtu.be\/QL6Vbp2fY3U<\/a><\/p>\n<p>\ud83c\udf10\ud83d\udc49 S\u00edguenos en nuestra p\u00e1gina web: www.lodelmomentoloja.com<\/p>\n","protected":false},"excerpt":{"rendered":"<p>\ud83e\udd2f\ud83d\ude24\ud83d\udcda \u00a1Denuncian d1scr1m1n4c10n! Un menor de tan solo 7 a\u00f1os de edad, ha sufrido rechazo&#8230;<\/p>\n","protected":false},"author":1,"featured_media":22627,"comment_status":"open","ping_status":"open","sticky":false,"template":"","format":"standard","meta":{"footnotes":""},"categories":[7,1],"tags":[],"class_list":["post-22626","post","type-post","status-publish","format-standard","has-post-thumbnail","hentry","category-ecuador","category-inicio"],"_links":{"self":[{"href":"https:\/\/www.lodelmomentoloja.com\/index.php?rest_route=\/wp\/v2\/posts\/22626"}],"collection":[{"href":"https:\/\/www.lodelmomentoloja.com\/index.php?rest_route=\/wp\/v2\/posts"}],"about":[{"href":"https:\/\/www.lodelmomentoloja.com\/index.php?rest_route=\/wp\/v2\/types\/post"}],"author":[{"embeddable":true,"href":"https:\/\/www.lodelmomentoloja.com\/index.php?rest_route=\/wp\/v2\/users\/1"}],"replies":[{"embeddable":true,"href":"https:\/\/www.lodelmomentoloja.com\/index.php?rest_route=%2Fwp%2Fv2%2Fcomments&post=22626"}],"version-history":[{"count":1,"href":"https:\/\/www.lodelmomentoloja.com\/index.php?rest_route=\/wp\/v2\/posts\/22626\/revisions"}],"predecessor-version":[{"id":22628,"href":"https:\/\/www.lodelmomentoloja.com\/index.php?rest_route=\/wp\/v2\/posts\/22626\/revisions\/22628"}],"wp:featuredmedia":[{"embeddable":true,"href":"https:\/\/www.lodelmomentoloja.com\/index.php?rest_route=\/wp\/v2\/media\/22627"}],"wp:attachment":[{"href":"https:\/\/www.lodelmomentoloja.com\/index.php?rest_route=%2Fwp%2Fv2%2Fmedia&parent=22626"}],"wp:term":[{"taxonomy":"category","embeddable":true,"href":"https:\/\/www.lodelmomentoloja.com\/index.php?rest_route=%2Fwp%2Fv2%2Fcategories&post=22626"},{"taxonomy":"post_tag","embeddable":true,"href":"https:\/\/www.lodelmomentoloja.com\/index.php?rest_route=%2Fwp%2Fv2%2Ftags&post=22626"}],"curies":[{"name":"wp","href":"https:\/\/api.w.org\/{rel}","templated":true}]}}