{"id":22622,"date":"2024-09-11T11:44:05","date_gmt":"2024-09-11T11:44:05","guid":{"rendered":"https:\/\/www.lodelmomentoloja.com\/?p=22622"},"modified":"2024-09-11T16:55:40","modified_gmt":"2024-09-11T16:55:40","slug":"periodista-boscan-y-su-esposa-salieron-del-pais-y-solicitan-asilo-en-canada","status":"publish","type":"post","link":"https:\/\/www.lodelmomentoloja.com\/?p=22622","title":{"rendered":"Periodista Bosc\u00e1n y su esposa salieron del pa\u00eds y solicitan asilo en Canad\u00e1"},"content":{"rendered":"<p><span class=\"x19la9d6 x1fc57z9 x6ikm8r x10wlt62 x19co3pv x1g5zs5t xfibh0p xiy17q3 x1xsqp64 x1lkfr7t xexx8yu x4uap5 x18d9i69 xkhd6sd\"><span class=\"xrtxmta x1bhl96m\">\ud83d\udea8<\/span><\/span><span class=\"x19la9d6 x1fc57z9 x6ikm8r x10wlt62 x19co3pv x1g5zs5t xfibh0p xiy17q3 x1xsqp64 x1lkfr7t xexx8yu x4uap5 x18d9i69 xkhd6sd\"><span class=\"xrtxmta x1bhl96m\">\ud83e\udd2f<\/span><\/span><span class=\"x19la9d6 x1fc57z9 x6ikm8r x10wlt62 x19co3pv x1g5zs5t xfibh0p xiy17q3 x1xsqp64 x1lkfr7t xexx8yu x4uap5 x18d9i69 xkhd6sd\"><span class=\"xrtxmta x1bhl96m\">\ud83d\udde3\ufe0f<\/span><\/span><span class=\"selectable-text copyable-text\"> \u00a1Y se march\u00f3! Los periodistas Andersson Bosc\u00e1n y M\u00f3nica Vel\u00e1squez anunciaron que salieron del pa\u00eds con destino a Canad\u00e1 en calidad con un asilo, debido a una pr3svnt4 p3rs3cvc1ion; sin embargo, tambi\u00e9n acuso a Fundamedios de una aparente \u201cvinculaci\u00f3n al coro de cr1m1n4l1z4c10n del periodismo\u201d, a lo que la entidad respondi\u00f3 que no cruzar\u00e1n la l\u00ednea roja, debido a la relaci\u00f3n \u201cevidenciada\u201d entre el periodista y el cr1m3n organizado.<\/p>\n<p><\/span><\/p>\n<p>El periodista Andersson Bosc\u00e1n y su esposa, M\u00f3nica Vel\u00e1squez, abandonaron el pa\u00eds tras recibir aparentes amenazas en contra de su vida, as\u00ed lo informaron la noche del martes 10 de setiembre de 2024, a trav\u00e9s de las redes sociales del medio digital La Posta.<\/p>\n<p>En un mensaje pregrabado de poco m\u00e1s de 6 minutos la pareja inform\u00f3 que se encuentra en Canad\u00e1, tras las recomendaciones de varias organizaciones internacionales de protecci\u00f3n a periodistas. Bosc\u00e1n y Vel\u00e1squez sostuvieron que las intimidaciones llegaron luego de denunciar presuntos casos de corrupci\u00f3n.<\/p>\n<p>Mediante un comunicado, La Posta revel\u00f3 que la decisi\u00f3n lleg\u00f3 debido a una persecuci\u00f3n del crimen organizado y de instituciones estatales, entre la Fiscal\u00eda General del Estado y los cuerpo de inteligencia ecuatorianos, el medio tambi\u00e9n denunci\u00f3 la \u201cvinculaci\u00f3n al coro de criminalizaci\u00f3n del periodismo de Fundamedios\u201d y otros colegas que, a criterio de La Posta, apuestan al poder por sobre la integridad de sus compa\u00f1eros.<\/p>\n<p>Acusaci\u00f3n que fue rechazada por el equipo period\u00edstico, reiterando su compromiso con la libertad de expresi\u00f3n. \u201cEs de conocimiento p\u00fablico las relaciones de Bosc\u00e1n con figuras del crimen organizado\u2026 los v\u00ednculos van m\u00e1s all\u00e1 del ejercicio period\u00edstico responsable\u201d, expres\u00f3 la entidad a trav\u00e9s de un bolet\u00edn. Fundamedios agreg\u00f3 que, resulta contradictorio las difamaciones que reciben, puesto que utilizan su prestigio para solicitar medidas cautelares ante la Comisi\u00f3n Interamericana de Derechos Humanos (CIDH).<\/p>\n<p>Entre tanto, los periodistas recalcaron que continuar\u00e1 con su labor period\u00edstica de manera virtual. Cabe recordar que, en julio de 2023, los periodistas tambi\u00e9n abandonaron el pa\u00eds, se\u00f1alando al Gobierno de Guillermo Lasso como responsable de una supuesta persecuci\u00f3n, luego de un par de meses de haber regresado hoy, nuevamente anuncia su salida de manera indefinida.<\/p>\n<p>\ud83c\udf10\ud83d\udc49 S\u00edguenos en nuestra p\u00e1gina web: www.lodelmomentoloja.com<\/p>\n","protected":false},"excerpt":{"rendered":"<p>\ud83d\udea8\ud83e\udd2f\ud83d\udde3\ufe0f \u00a1Y se march\u00f3! Los periodistas Andersson Bosc\u00e1n y M\u00f3nica Vel\u00e1squez anunciaron que salieron del&#8230;<\/p>\n","protected":false},"author":1,"featured_media":22623,"comment_status":"open","ping_status":"open","sticky":false,"template":"","format":"standard","meta":{"footnotes":""},"categories":[7,1,4,5],"tags":[],"class_list":["post-22622","post","type-post","status-publish","format-standard","has-post-thumbnail","hentry","category-ecuador","category-inicio","category-internacional","category-loja"],"_links":{"self":[{"href":"https:\/\/www.lodelmomentoloja.com\/index.php?rest_route=\/wp\/v2\/posts\/22622"}],"collection":[{"href":"https:\/\/www.lodelmomentoloja.com\/index.php?rest_route=\/wp\/v2\/posts"}],"about":[{"href":"https:\/\/www.lodelmomentoloja.com\/index.php?rest_route=\/wp\/v2\/types\/post"}],"author":[{"embeddable":true,"href":"https:\/\/www.lodelmomentoloja.com\/index.php?rest_route=\/wp\/v2\/users\/1"}],"replies":[{"embeddable":true,"href":"https:\/\/www.lodelmomentoloja.com\/index.php?rest_route=%2Fwp%2Fv2%2Fcomments&post=22622"}],"version-history":[{"count":1,"href":"https:\/\/www.lodelmomentoloja.com\/index.php?rest_route=\/wp\/v2\/posts\/22622\/revisions"}],"predecessor-version":[{"id":22624,"href":"https:\/\/www.lodelmomentoloja.com\/index.php?rest_route=\/wp\/v2\/posts\/22622\/revisions\/22624"}],"wp:featuredmedia":[{"embeddable":true,"href":"https:\/\/www.lodelmomentoloja.com\/index.php?rest_route=\/wp\/v2\/media\/22623"}],"wp:attachment":[{"href":"https:\/\/www.lodelmomentoloja.com\/index.php?rest_route=%2Fwp%2Fv2%2Fmedia&parent=22622"}],"wp:term":[{"taxonomy":"category","embeddable":true,"href":"https:\/\/www.lodelmomentoloja.com\/index.php?rest_route=%2Fwp%2Fv2%2Fcategories&post=22622"},{"taxonomy":"post_tag","embeddable":true,"href":"https:\/\/www.lodelmomentoloja.com\/index.php?rest_route=%2Fwp%2Fv2%2Ftags&post=22622"}],"curies":[{"name":"wp","href":"https:\/\/api.w.org\/{rel}","templated":true}]}}