{"id":22554,"date":"2024-09-09T12:15:50","date_gmt":"2024-09-09T12:15:50","guid":{"rendered":"https:\/\/www.lodelmomentoloja.com\/?p=22554"},"modified":"2024-09-09T17:16:02","modified_gmt":"2024-09-09T17:16:02","slug":"cortes-de-energia-electrica-afecto-11-provincias-en-ecuador","status":"publish","type":"post","link":"https:\/\/www.lodelmomentoloja.com\/?p=22554","title":{"rendered":"Cortes de energ\u00eda el\u00e9ctrica afect\u00f3 11 provincias en Ecuador."},"content":{"rendered":"<p>\ud83d\udca1\ud83e\udd14\ud83d\udde3\ufe0f \u00a1Nuevos apagones en Ecuador! Un \u201cError Humano\u201d ser\u00eda la causa de los nuevos cortes de luz que afectaron a 11 provincias en Ecuador este fin de semana, as\u00ed lo expres\u00f3 el viceministro de electricidad, Rafael Quintero durante las pruebas de generaci\u00f3n el\u00e9ctrica de la barcaza turca Emre Bey; d\u00edas atr\u00e1s, el ministro de Defensa, Gian Carlo Lofredo, denunci\u00f3 un posible \u201ccomplot\u201d al Gobierno del Nuevo Ecuador \u00bfCasualidad o Coincidencia?<\/p>\n<div style=\"width: 640px;\" class=\"wp-video\"><!--[if lt IE 9]><script>document.createElement('video');<\/script><![endif]-->\n<video class=\"wp-video-shortcode\" id=\"video-22554-1\" width=\"640\" height=\"360\" preload=\"metadata\" controls=\"controls\"><source type=\"video\/mp4\" src=\"http:\/\/www.lodelmomentoloja.com\/wp-content\/uploads\/2024\/09\/APAGONES-EN-ECUADOR-REDUCIDO.mp4?_=1\" \/><a href=\"http:\/\/www.lodelmomentoloja.com\/wp-content\/uploads\/2024\/09\/APAGONES-EN-ECUADOR-REDUCIDO.mp4\">http:\/\/www.lodelmomentoloja.com\/wp-content\/uploads\/2024\/09\/APAGONES-EN-ECUADOR-REDUCIDO.mp4<\/a><\/video><\/div>\n<p>El repentido apag\u00f3n que sorprendi\u00f3 a 11 provincias del Ecuador el pasado 07 de septiembre se debi\u00f3 a un \u201cerror humano\u201d en la subestaci\u00f3n Molino que est\u00e1 conectada a la generaci\u00f3n Paute, la segunda hidroel\u00e9ctrica m\u00e1s importante del pa\u00eds, as\u00ed lo expres\u00f3 el viceministro de Electricidad, Rafael Quintero.<\/p>\n<p>Esta declaraci\u00f3n la hizo durante su intervenci\u00f3n en las pruebas de generaci\u00f3n el\u00e9ctrica de la barcaza turca Emre Bey, el domingo 08 de septiembre en Guayaquil, all\u00ed el secretario de Estado dio a conocer los problemas en torno al apag\u00f3n.<\/p>\n<p>El corte de energ\u00eda que dur\u00f3 entre 3 y 4 horas, seg\u00fan el Cenace, surge en medio de las acusaciones del ministro de Defensa, Gian Carlo Lofredo quien, d\u00edas atr\u00e1s alert\u00f3 sobre un \u201cposible complot\u201d para agravar la situaci\u00f3n energ\u00e9tica del pa\u00eds.<\/p>\n<p>Los nuevos cortes energ\u00e9ticos paralizaron las actividades; sem\u00e1foros apagados, gesti\u00f3n vehicular y locales comerciales cerrados, fueron algunos de los panoramas que se vivieron en las 11 provincias afectadas, situaciones que, seg\u00fan la C\u00e1mara de Comercio de Guayaquil, por cada hora sin el suministro el\u00e9ctrico a Ecuador le cuesta USD 12 millones, aunque la entidad considera que las p\u00e9rdidas pueden ser mayores, debido a que se calcula, por cada hora de apag\u00f3n, un flujo comercial que oscila los $18 millones.<\/p>\n<p>\ud83d\udcf2\u25b6\ufe0f Ver video completo en Youtube: https:\/\/youtu.be\/BfrNpTomTWw<\/p>\n<p>\ud83c\udf10\ud83d\udc49 S\u00edguenos en nuestra p\u00e1gina web: www.lodelmomentoloja.com<\/p>\n","protected":false},"excerpt":{"rendered":"<p>\ud83d\udca1\ud83e\udd14\ud83d\udde3\ufe0f \u00a1Nuevos apagones en Ecuador! Un \u201cError Humano\u201d ser\u00eda la causa de los nuevos cortes&#8230;<\/p>\n","protected":false},"author":1,"featured_media":22556,"comment_status":"open","ping_status":"open","sticky":false,"template":"","format":"standard","meta":{"footnotes":""},"categories":[7,1,5],"tags":[],"class_list":["post-22554","post","type-post","status-publish","format-standard","has-post-thumbnail","hentry","category-ecuador","category-inicio","category-loja"],"_links":{"self":[{"href":"https:\/\/www.lodelmomentoloja.com\/index.php?rest_route=\/wp\/v2\/posts\/22554"}],"collection":[{"href":"https:\/\/www.lodelmomentoloja.com\/index.php?rest_route=\/wp\/v2\/posts"}],"about":[{"href":"https:\/\/www.lodelmomentoloja.com\/index.php?rest_route=\/wp\/v2\/types\/post"}],"author":[{"embeddable":true,"href":"https:\/\/www.lodelmomentoloja.com\/index.php?rest_route=\/wp\/v2\/users\/1"}],"replies":[{"embeddable":true,"href":"https:\/\/www.lodelmomentoloja.com\/index.php?rest_route=%2Fwp%2Fv2%2Fcomments&post=22554"}],"version-history":[{"count":1,"href":"https:\/\/www.lodelmomentoloja.com\/index.php?rest_route=\/wp\/v2\/posts\/22554\/revisions"}],"predecessor-version":[{"id":22557,"href":"https:\/\/www.lodelmomentoloja.com\/index.php?rest_route=\/wp\/v2\/posts\/22554\/revisions\/22557"}],"wp:featuredmedia":[{"embeddable":true,"href":"https:\/\/www.lodelmomentoloja.com\/index.php?rest_route=\/wp\/v2\/media\/22556"}],"wp:attachment":[{"href":"https:\/\/www.lodelmomentoloja.com\/index.php?rest_route=%2Fwp%2Fv2%2Fmedia&parent=22554"}],"wp:term":[{"taxonomy":"category","embeddable":true,"href":"https:\/\/www.lodelmomentoloja.com\/index.php?rest_route=%2Fwp%2Fv2%2Fcategories&post=22554"},{"taxonomy":"post_tag","embeddable":true,"href":"https:\/\/www.lodelmomentoloja.com\/index.php?rest_route=%2Fwp%2Fv2%2Ftags&post=22554"}],"curies":[{"name":"wp","href":"https:\/\/api.w.org\/{rel}","templated":true}]}}