{"id":22534,"date":"2024-09-06T17:45:33","date_gmt":"2024-09-06T17:45:33","guid":{"rendered":"https:\/\/www.lodelmomentoloja.com\/?p=22534"},"modified":"2024-09-06T22:50:11","modified_gmt":"2024-09-06T22:50:11","slug":"autoridades-prohiben-todo-tipo-de-quema-en-diferentes-provincias","status":"publish","type":"post","link":"https:\/\/www.lodelmomentoloja.com\/?p=22534","title":{"rendered":"Autoridades proh\u00edben todo tipo de quema, en diferentes provincias."},"content":{"rendered":"<p>\ud83d\udd25\ud83d\udde3\ufe0f\ud83d\udc49 \u00a1Alto al fuego! Varias instituciones p\u00fablicas de algunas provincias, mediante una resoluci\u00f3n, han prohibido cualquier tipo de quema, incluyendo aquellas que tengan fines agr\u00edcolas o pecuarios con el fin de prevenir futuros 1nc3nd10s forestales. Dicha medida fue aplicada por el Prefecto del Azuay, Juan Crist\u00f3bal Lloret, a la lista tambi\u00e9n se Pabel Mu\u00f1oz, Aquiles \u00c1lvarez y Juan Carlos Sant\u00edn, sin embargo, \u00bfCu\u00e1l fue la iniciativa por parte de las autoridades lojanas?<\/p>\n<div style=\"width: 640px;\" class=\"wp-video\"><!--[if lt IE 9]><script>document.createElement('video');<\/script><![endif]-->\n<video class=\"wp-video-shortcode\" id=\"video-22534-1\" width=\"640\" height=\"360\" preload=\"metadata\" controls=\"controls\"><source type=\"video\/mp4\" src=\"http:\/\/www.lodelmomentoloja.com\/wp-content\/uploads\/2024\/09\/AUTORIDADES-TOMAN-MEDIDAS-REDUCIDO.mp4?_=1\" \/><a href=\"http:\/\/www.lodelmomentoloja.com\/wp-content\/uploads\/2024\/09\/AUTORIDADES-TOMAN-MEDIDAS-REDUCIDO.mp4\">http:\/\/www.lodelmomentoloja.com\/wp-content\/uploads\/2024\/09\/AUTORIDADES-TOMAN-MEDIDAS-REDUCIDO.mp4<\/a><\/video><\/div>\n<p>En medio de una crisis debido a la magnitud de los incendios forestales que han afectado miles de hect\u00e1reas no solo en la provincia de Loja, sino a lo largo del territorio ecuatoriano, las autoridades han tomado varias alternativas con el fin de evitar situaciones que puedan provocar nuevos flagelos.<\/p>\n<p>Es as\u00ed que varias instituciones p\u00fablicas de algunas provincias, mediante una resoluci\u00f3n, han prohibido cualquier tipo de quema, incluyendo aquellas que tengan fines agr\u00edcolas o pecuarios, medida que fue aplicada por el Prefecto del Azuay, Juan Crist\u00f3bal Lloret, a la lista tambi\u00e9n se suman varios alcaldes como Pabel Mu\u00f1oz, Aquiles \u00c1lvarez y Juan Carlos Sant\u00edn, este \u00faltimo, m\u00e1xima autoridad cantonal de Quilanga, una de las regiones m\u00e1s afectadas por los incendios en los \u00faltimos meses.<\/p>\n<p>No obstante, para el prefecto de Loja, Mario Mancino la situaci\u00f3n se puede resolver a trav\u00e9s de un exhorto alegando una competencia exclusiva de los gobiernos aut\u00f3nomos, solicitando a los alcaldes de la provincia emitan ordenanzas que garanticen los prop\u00f3sitos antes mencionados.<\/p>\n<p>Entre tanto, el COE Cantonal de Loja emiti\u00f3 un comunicado ratificando la restricci\u00f3n absoluta del fuego en cualquier panorama dentro del cant\u00f3n.<\/p>\n<p>Con estas medidas se prev\u00e9 controlar la propagaci\u00f3n de incendios forestales, puesto que, las personas que infrinjan la normativa podr\u00edan enfrentar una multa que oscilar\u00eda los $30.000, seg\u00fan lo estipula la ordenanza Verde \u2013 Azul referente al control y uso del fuego.<\/p>\n<p>\ud83d\udcf2\u25b6\ufe0f Ver video completo en Youtube: https:\/\/youtu.be\/_t-N8xmXZ6E<\/p>\n<p>\ud83c\udf10\ud83d\udc49 S\u00edguenos en nuestra p\u00e1gina web: www.lodelmomentoloja.com<\/p>\n","protected":false},"excerpt":{"rendered":"<p>\ud83d\udd25\ud83d\udde3\ufe0f\ud83d\udc49 \u00a1Alto al fuego! Varias instituciones p\u00fablicas de algunas provincias, mediante una resoluci\u00f3n, han prohibido&#8230;<\/p>\n","protected":false},"author":1,"featured_media":22536,"comment_status":"open","ping_status":"open","sticky":false,"template":"","format":"standard","meta":{"footnotes":""},"categories":[7,1,4,5],"tags":[],"class_list":["post-22534","post","type-post","status-publish","format-standard","has-post-thumbnail","hentry","category-ecuador","category-inicio","category-internacional","category-loja"],"_links":{"self":[{"href":"https:\/\/www.lodelmomentoloja.com\/index.php?rest_route=\/wp\/v2\/posts\/22534"}],"collection":[{"href":"https:\/\/www.lodelmomentoloja.com\/index.php?rest_route=\/wp\/v2\/posts"}],"about":[{"href":"https:\/\/www.lodelmomentoloja.com\/index.php?rest_route=\/wp\/v2\/types\/post"}],"author":[{"embeddable":true,"href":"https:\/\/www.lodelmomentoloja.com\/index.php?rest_route=\/wp\/v2\/users\/1"}],"replies":[{"embeddable":true,"href":"https:\/\/www.lodelmomentoloja.com\/index.php?rest_route=%2Fwp%2Fv2%2Fcomments&post=22534"}],"version-history":[{"count":1,"href":"https:\/\/www.lodelmomentoloja.com\/index.php?rest_route=\/wp\/v2\/posts\/22534\/revisions"}],"predecessor-version":[{"id":22537,"href":"https:\/\/www.lodelmomentoloja.com\/index.php?rest_route=\/wp\/v2\/posts\/22534\/revisions\/22537"}],"wp:featuredmedia":[{"embeddable":true,"href":"https:\/\/www.lodelmomentoloja.com\/index.php?rest_route=\/wp\/v2\/media\/22536"}],"wp:attachment":[{"href":"https:\/\/www.lodelmomentoloja.com\/index.php?rest_route=%2Fwp%2Fv2%2Fmedia&parent=22534"}],"wp:term":[{"taxonomy":"category","embeddable":true,"href":"https:\/\/www.lodelmomentoloja.com\/index.php?rest_route=%2Fwp%2Fv2%2Fcategories&post=22534"},{"taxonomy":"post_tag","embeddable":true,"href":"https:\/\/www.lodelmomentoloja.com\/index.php?rest_route=%2Fwp%2Fv2%2Ftags&post=22534"}],"curies":[{"name":"wp","href":"https:\/\/api.w.org\/{rel}","templated":true}]}}