{"id":22468,"date":"2024-09-04T16:40:48","date_gmt":"2024-09-04T16:40:48","guid":{"rendered":"https:\/\/www.lodelmomentoloja.com\/?p=22468"},"modified":"2024-09-04T21:43:07","modified_gmt":"2024-09-04T21:43:07","slug":"el-lugar-arqueologico-plataforma-quebrada-colorada-fue-destruido-en-quito","status":"publish","type":"post","link":"https:\/\/www.lodelmomentoloja.com\/?p=22468","title":{"rendered":"El lugar arqueol\u00f3gico Plataforma Quebrada Colorada fue destru\u00eddo en Quito."},"content":{"rendered":"<p>\ud83d\ude31\ud83d\udde3\ufe0f\ud83d\udc49 \u00a1Sin pena ni gloria! El lugar arqueol\u00f3gico Plataforma Quebrada Colorada, ubicado en la parroquia rural San Antonio de Pichincha en Quito fue invadida por maquinaria privada que destruy\u00f3 alrededor del 75% de la zona. Se tratar\u00eda de un disco l\u00edtico utilizado por las civilizaciones antiguas, seg\u00fan los historiadores, este mosaico circular ser\u00eda una prueba de los conocimientos astron\u00f3micos de las culturas prehisp\u00e1nicas.<\/p>\n<div style=\"width: 640px;\" class=\"wp-video\"><!--[if lt IE 9]><script>document.createElement('video');<\/script><![endif]-->\n<video class=\"wp-video-shortcode\" id=\"video-22468-1\" width=\"640\" height=\"360\" preload=\"metadata\" controls=\"controls\"><source type=\"video\/mp4\" src=\"http:\/\/www.lodelmomentoloja.com\/wp-content\/uploads\/2024\/09\/DISCO-LITICO-REDUCIDO-1.mp4?_=1\" \/><a href=\"http:\/\/www.lodelmomentoloja.com\/wp-content\/uploads\/2024\/09\/DISCO-LITICO-REDUCIDO-1.mp4\">http:\/\/www.lodelmomentoloja.com\/wp-content\/uploads\/2024\/09\/DISCO-LITICO-REDUCIDO-1.mp4<\/a><\/video><\/div>\n<p>El lugar arqueol\u00f3gico Plataforma Quebrada Colorada, ubicado en la parroquia rural San Antonio de Pichincha en Quito fue invadida por maquinaria privada que destruy\u00f3 alrededor del 75% de la zona.<\/p>\n<p>Se trata de una estructura circular empedrada de 12m de di\u00e1metro que, al parecer, contar\u00eda con una ficha de inventario vigente, as\u00ed lo inform\u00f3 el martes 03 de septiembre, el Instituto Metropolitano de Patrimonio mediante un comunicado.<\/p>\n<p>En redes sociales, el Cabildo C\u00edvico de Quito inici\u00f3 una denuncia p\u00fablica a v\u00edsperas de la destrucci\u00f3n del lugar que se encontraba dentro de una propiedad privada. \u201cEs incre\u00edble como en Quito se permite la destrucci\u00f3n de nuestro patrimonio cultural, sin que las autoridades hagan mucho al respecto\u201d, dice parte de la publicaci\u00f3n en X.<\/p>\n<p>De acuerdo a los antecedentes hist\u00f3ricos, la estructura circular ser\u00eda el denominado disco l\u00edtico que puede ser de diferentes dimensiones, integrado \u201cpor un dise\u00f1o empedrado\u201d en mosaico que, seg\u00fan historiadores, es un registro de la relaci\u00f3n entre el conocimiento astron\u00f3mico y el cosmos dise\u00f1ado por los pueblos prehisp\u00e1nicos.<\/p>\n<p>Expresa, adem\u00e1s, que el disco habr\u00eda sido destruido el pasado 30 de agosto de 2024, \u201c\u2026 una pala mec\u00e1nica borr\u00f3 tan valiosa evidencia de la astronom\u00eda ecuatorial, \u00fanica en el mundo\u201d, escribi\u00f3 el Cabildo, enfatizando el aparente desinter\u00e9s por parte de las autoridades competentes para precautelar las \u00e1reas protegidas.<\/p>\n<p>Por su parte, el Instituto de Patrimonio se\u00f1al\u00f3 que la intervenci\u00f3n realizada la maquinaria pesada que ocasion\u00f3 un da\u00f1o irreparable a la Plataforma Quebrada Colorada infringe la Ley Org\u00e1nica de Cultura, sobre la Obligaci\u00f3n de protecci\u00f3n de bienes patrimoniales y Protecci\u00f3n de los objetos y sitios arqueol\u00f3gicos y paleontol\u00f3gicos.<\/p>\n<p>Entre tanto, la Alcald\u00eda de Quito manifest\u00f3 que los trabajos en la zona fueron suspendidos y tomar\u00e1n las acciones legales correspondientes para sancionar a el o los responsables de este ataque a la identidad cultural.<\/p>\n<p>\ud83d\udcf2\u25b6\ufe0f Ver video completo en Youtube: https:\/\/youtu.be\/Mo5GmvNdWY0<\/p>\n<p>\ud83c\udf10\ud83d\udc49 S\u00edguenos en nuestra p\u00e1gina web: www.lodelmomentoloja.com<\/p>\n","protected":false},"excerpt":{"rendered":"<p>\ud83d\ude31\ud83d\udde3\ufe0f\ud83d\udc49 \u00a1Sin pena ni gloria! El lugar arqueol\u00f3gico Plataforma Quebrada Colorada, ubicado en la parroquia&#8230;<\/p>\n","protected":false},"author":1,"featured_media":22470,"comment_status":"open","ping_status":"open","sticky":false,"template":"","format":"standard","meta":{"footnotes":""},"categories":[7,1],"tags":[],"class_list":["post-22468","post","type-post","status-publish","format-standard","has-post-thumbnail","hentry","category-ecuador","category-inicio"],"_links":{"self":[{"href":"https:\/\/www.lodelmomentoloja.com\/index.php?rest_route=\/wp\/v2\/posts\/22468"}],"collection":[{"href":"https:\/\/www.lodelmomentoloja.com\/index.php?rest_route=\/wp\/v2\/posts"}],"about":[{"href":"https:\/\/www.lodelmomentoloja.com\/index.php?rest_route=\/wp\/v2\/types\/post"}],"author":[{"embeddable":true,"href":"https:\/\/www.lodelmomentoloja.com\/index.php?rest_route=\/wp\/v2\/users\/1"}],"replies":[{"embeddable":true,"href":"https:\/\/www.lodelmomentoloja.com\/index.php?rest_route=%2Fwp%2Fv2%2Fcomments&post=22468"}],"version-history":[{"count":2,"href":"https:\/\/www.lodelmomentoloja.com\/index.php?rest_route=\/wp\/v2\/posts\/22468\/revisions"}],"predecessor-version":[{"id":22472,"href":"https:\/\/www.lodelmomentoloja.com\/index.php?rest_route=\/wp\/v2\/posts\/22468\/revisions\/22472"}],"wp:featuredmedia":[{"embeddable":true,"href":"https:\/\/www.lodelmomentoloja.com\/index.php?rest_route=\/wp\/v2\/media\/22470"}],"wp:attachment":[{"href":"https:\/\/www.lodelmomentoloja.com\/index.php?rest_route=%2Fwp%2Fv2%2Fmedia&parent=22468"}],"wp:term":[{"taxonomy":"category","embeddable":true,"href":"https:\/\/www.lodelmomentoloja.com\/index.php?rest_route=%2Fwp%2Fv2%2Fcategories&post=22468"},{"taxonomy":"post_tag","embeddable":true,"href":"https:\/\/www.lodelmomentoloja.com\/index.php?rest_route=%2Fwp%2Fv2%2Ftags&post=22468"}],"curies":[{"name":"wp","href":"https:\/\/api.w.org\/{rel}","templated":true}]}}