{"id":22433,"date":"2024-09-03T17:01:48","date_gmt":"2024-09-03T17:01:48","guid":{"rendered":"https:\/\/www.lodelmomentoloja.com\/?p=22433"},"modified":"2024-09-03T22:19:45","modified_gmt":"2024-09-03T22:19:45","slug":"maestro-fue-a-prision-por-no-usar-pronombres-neutros-contra-estudiante-en-irlanda","status":"publish","type":"post","link":"https:\/\/www.lodelmomentoloja.com\/?p=22433","title":{"rendered":"Maestro fue a prisi\u00f3n por no usar pronombres neutros contra estudiante en Irlanda"},"content":{"rendered":"<p>\ud83d\ude31\ud83d\udeab\ud83d\udde3\ufe0f \u00bfUna acci\u00f3n injustificada? Un profesor irland\u00e9s se neg\u00f3 a utilizar pronombres neutros con una de sus estudiantes que se encontraba en transici\u00f3n de g\u00e9nero; dicha situaci\u00f3n desencaden\u00f3 una serie de conflictos entre el docente y las autoridades de la instituci\u00f3n a tal punto, de impedirle impartir clases mediante una orden judicial y hoy en d\u00eda, permanece bajo prisi\u00f3n. Por un lado, la directiva educativa se\u00f1ala que su detenci\u00f3n se debe al incumplimiento de dicha orden legal, mientras que la defensa del acusado expresa su preocupaci\u00f3n debido a las consecuencias que ha acarreado su negativa \u00bfUsted qu\u00e9 opina?<\/p>\n<div style=\"width: 640px;\" class=\"wp-video\"><!--[if lt IE 9]><script>document.createElement('video');<\/script><![endif]-->\n<video class=\"wp-video-shortcode\" id=\"video-22433-1\" width=\"640\" height=\"360\" preload=\"metadata\" controls=\"controls\"><source type=\"video\/mp4\" src=\"http:\/\/www.lodelmomentoloja.com\/wp-content\/uploads\/2024\/09\/PROFESOR-IRLANDES-REDUCIDO.mp4?_=1\" \/><a href=\"http:\/\/www.lodelmomentoloja.com\/wp-content\/uploads\/2024\/09\/PROFESOR-IRLANDES-REDUCIDO.mp4\">http:\/\/www.lodelmomentoloja.com\/wp-content\/uploads\/2024\/09\/PROFESOR-IRLANDES-REDUCIDO.mp4<\/a><\/video><\/div>\n<p>&nbsp;<\/p>\n<p>En las \u00faltimas horas, en redes sociales se ha viralizado la detenci\u00f3n de un profesor irland\u00e9s que, al parecer, fue detenido por haberse negado a utilizar los pronombres solicitados por una alumna transg\u00e9nero.<\/p>\n<p>Seg\u00fan han informado los medios locales, la detenci\u00f3n se produjo en el condado de Westmeath donde est\u00e1 ubicado el centro educativo, sin embargo, las autoridades del plantel alegan que la intervenci\u00f3n de la polic\u00eda es producto del incumplimiento de una orden judicial que le prohib\u00eda asistir al plantel. \u00bfQu\u00e9 fue lo que ocurri\u00f3? Aqu\u00ed, te contamos los hechos.<\/p>\n<p>En junio de 2024, la directora del plantel, Niam McShane, envi\u00f3 una disposici\u00f3n a los docentes de dicho centro educativo en el que instaba a utilizar los pronombres de g\u00e9nero neutros con una alumna que se encontraba en proceso de transici\u00f3n.<\/p>\n<p>No obstante, Enoch Burke, uno de los profesores de la instituci\u00f3n, debido a sus creencias religiosas se neg\u00f3 a cumplir con la disposici\u00f3n lo que habr\u00eda ocasionado una serie de confrontaciones verbales con las autoridades del colegio, seg\u00fan la BBC Brit\u00e1nica; otros medios tambi\u00e9n afirman que Burke solicit\u00f3 la renuncia de McShane.<\/p>\n<p>A finales de agosto, la directiva del plantel educativo que, aparentemente ser\u00eda religioso, suspendi\u00f3 de su cargo al docente mediante una audiencia disciplinaria por su comportamiento, pero Burke no acat\u00f3 la petici\u00f3n, asistiendo de manera habitual, por lo que el colegio irland\u00e9s habr\u00eda tomado acciones legales interponiendo una orden judicial que le imped\u00eda impartir clases.<\/p>\n<p>Al infringir la orden, el 02 de septiembre de 2024, el Tribunal Superior dispuso prisi\u00f3n preventiva para el profesor por desacato, pues deber\u00e1 permanecer detenido en Mountjoy. Por su parte, la defensa del profesor alega que la situaci\u00f3n escal\u00f3 a estancias judiciales debido a su negativa de utilizar pronombres diferentes a \u201c\u00e9l\u201d o \u201cella\u201d, mientras tanto, la directiva educativa se\u00f1ala que su detenci\u00f3n se debe a la infracci\u00f3n legal.<\/p>\n<p>Ahora, Enoc Burke permanecer\u00e1 en prisi\u00f3n hasta el d\u00eda del juicio en el que espera obtener su libertad.<\/p>\n<p>\ud83d\udcf2\u25b6\ufe0f Ver video completo en Youtube: https:\/\/www.youtube.com\/watch?v=hrACNqpCY54<\/p>\n<p>\ud83c\udf10\ud83d\udc49 S\u00edguenos en nuestra p\u00e1gina web: www.lodelmomentoloja.com<\/p>\n","protected":false},"excerpt":{"rendered":"<p>\ud83d\ude31\ud83d\udeab\ud83d\udde3\ufe0f \u00bfUna acci\u00f3n injustificada? Un profesor irland\u00e9s se neg\u00f3 a utilizar pronombres neutros con una&#8230;<\/p>\n","protected":false},"author":1,"featured_media":22435,"comment_status":"open","ping_status":"open","sticky":false,"template":"","format":"standard","meta":{"footnotes":""},"categories":[1,4],"tags":[],"class_list":["post-22433","post","type-post","status-publish","format-standard","has-post-thumbnail","hentry","category-inicio","category-internacional"],"_links":{"self":[{"href":"https:\/\/www.lodelmomentoloja.com\/index.php?rest_route=\/wp\/v2\/posts\/22433"}],"collection":[{"href":"https:\/\/www.lodelmomentoloja.com\/index.php?rest_route=\/wp\/v2\/posts"}],"about":[{"href":"https:\/\/www.lodelmomentoloja.com\/index.php?rest_route=\/wp\/v2\/types\/post"}],"author":[{"embeddable":true,"href":"https:\/\/www.lodelmomentoloja.com\/index.php?rest_route=\/wp\/v2\/users\/1"}],"replies":[{"embeddable":true,"href":"https:\/\/www.lodelmomentoloja.com\/index.php?rest_route=%2Fwp%2Fv2%2Fcomments&post=22433"}],"version-history":[{"count":1,"href":"https:\/\/www.lodelmomentoloja.com\/index.php?rest_route=\/wp\/v2\/posts\/22433\/revisions"}],"predecessor-version":[{"id":22436,"href":"https:\/\/www.lodelmomentoloja.com\/index.php?rest_route=\/wp\/v2\/posts\/22433\/revisions\/22436"}],"wp:featuredmedia":[{"embeddable":true,"href":"https:\/\/www.lodelmomentoloja.com\/index.php?rest_route=\/wp\/v2\/media\/22435"}],"wp:attachment":[{"href":"https:\/\/www.lodelmomentoloja.com\/index.php?rest_route=%2Fwp%2Fv2%2Fmedia&parent=22433"}],"wp:term":[{"taxonomy":"category","embeddable":true,"href":"https:\/\/www.lodelmomentoloja.com\/index.php?rest_route=%2Fwp%2Fv2%2Fcategories&post=22433"},{"taxonomy":"post_tag","embeddable":true,"href":"https:\/\/www.lodelmomentoloja.com\/index.php?rest_route=%2Fwp%2Fv2%2Ftags&post=22433"}],"curies":[{"name":"wp","href":"https:\/\/api.w.org\/{rel}","templated":true}]}}