{"id":22406,"date":"2024-09-03T09:55:53","date_gmt":"2024-09-03T09:55:53","guid":{"rendered":"https:\/\/www.lodelmomentoloja.com\/?p=22406"},"modified":"2024-09-03T15:12:53","modified_gmt":"2024-09-03T15:12:53","slug":"mario-mancino-exhorta-a-los-municipios-de-la-provincia-a-hacer-ordenanzas-para-restriccion-del-uso-de-fuego","status":"publish","type":"post","link":"https:\/\/www.lodelmomentoloja.com\/?p=22406","title":{"rendered":"Mario Mancino exhorta a los municipios de la provincia a hacer ordenanzas para restricci\u00f3n del uso de fuego"},"content":{"rendered":"<div class=\"xdj266r x11i5rnm xat24cr x1mh8g0r x1vvkbs x126k92a\">\n<div dir=\"auto\">\ud83d\udd25\ud83d\ude44\ud83d\ude92 \u00a1Cuidado se canse! A pesar de que otras autoridades provinciales, como el caso del Azuay, Lloret, prohibieron de manera tajante la quema con fines agr\u00edcolas y pecuarios el 31 de agosto; mientras tanto en Loja, la situaci\u00f3n no pas\u00f3 mas de un exhorto por parte del representante del COE Provincial con Mario Mancino a la cabeza y pidi\u00f3 a todos los municipios de la provincia de Loja que hagan ordenanzas para respectiva restricci\u00f3n del uso del fuego con fines antes mencionados.<\/p>\n<p><img loading=\"lazy\" decoding=\"async\" class=\"alignnone size-medium wp-image-22407\" src=\"http:\/\/www.lodelmomentoloja.com\/wp-content\/uploads\/2024\/09\/WhatsApp-Image-2024-09-03-at-9.25.49-AM-241x300.jpeg\" alt=\"\" width=\"241\" height=\"300\" srcset=\"https:\/\/www.lodelmomentoloja.com\/wp-content\/uploads\/2024\/09\/WhatsApp-Image-2024-09-03-at-9.25.49-AM-241x300.jpeg 241w, https:\/\/www.lodelmomentoloja.com\/wp-content\/uploads\/2024\/09\/WhatsApp-Image-2024-09-03-at-9.25.49-AM-824x1024.jpeg 824w, https:\/\/www.lodelmomentoloja.com\/wp-content\/uploads\/2024\/09\/WhatsApp-Image-2024-09-03-at-9.25.49-AM-768x954.jpeg 768w, https:\/\/www.lodelmomentoloja.com\/wp-content\/uploads\/2024\/09\/WhatsApp-Image-2024-09-03-at-9.25.49-AM-640x795.jpeg 640w, https:\/\/www.lodelmomentoloja.com\/wp-content\/uploads\/2024\/09\/WhatsApp-Image-2024-09-03-at-9.25.49-AM-1024x1272.jpeg 1024w, https:\/\/www.lodelmomentoloja.com\/wp-content\/uploads\/2024\/09\/WhatsApp-Image-2024-09-03-at-9.25.49-AM.jpeg 1080w\" sizes=\"(max-width: 241px) 100vw, 241px\" \/><\/p>\n<p>\ud83c\udf10\ud83d\udc49 S\u00edguenos en nuestra p\u00e1gina web: www.lodelmomentoloja.com<\/p><\/div>\n<\/div>\n<div class=\"x11i5rnm xat24cr x1mh8g0r x1vvkbs xtlvy1s x126k92a\">\n<div dir=\"auto\"><\/div>\n<\/div>\n","protected":false},"excerpt":{"rendered":"<p>\ud83d\udd25\ud83d\ude44\ud83d\ude92 \u00a1Cuidado se canse! A pesar de que otras autoridades provinciales, como el caso del&#8230;<\/p>\n","protected":false},"author":1,"featured_media":22408,"comment_status":"open","ping_status":"open","sticky":false,"template":"","format":"standard","meta":{"footnotes":""},"categories":[7,1,5],"tags":[],"class_list":["post-22406","post","type-post","status-publish","format-standard","has-post-thumbnail","hentry","category-ecuador","category-inicio","category-loja"],"_links":{"self":[{"href":"https:\/\/www.lodelmomentoloja.com\/index.php?rest_route=\/wp\/v2\/posts\/22406"}],"collection":[{"href":"https:\/\/www.lodelmomentoloja.com\/index.php?rest_route=\/wp\/v2\/posts"}],"about":[{"href":"https:\/\/www.lodelmomentoloja.com\/index.php?rest_route=\/wp\/v2\/types\/post"}],"author":[{"embeddable":true,"href":"https:\/\/www.lodelmomentoloja.com\/index.php?rest_route=\/wp\/v2\/users\/1"}],"replies":[{"embeddable":true,"href":"https:\/\/www.lodelmomentoloja.com\/index.php?rest_route=%2Fwp%2Fv2%2Fcomments&post=22406"}],"version-history":[{"count":1,"href":"https:\/\/www.lodelmomentoloja.com\/index.php?rest_route=\/wp\/v2\/posts\/22406\/revisions"}],"predecessor-version":[{"id":22409,"href":"https:\/\/www.lodelmomentoloja.com\/index.php?rest_route=\/wp\/v2\/posts\/22406\/revisions\/22409"}],"wp:featuredmedia":[{"embeddable":true,"href":"https:\/\/www.lodelmomentoloja.com\/index.php?rest_route=\/wp\/v2\/media\/22408"}],"wp:attachment":[{"href":"https:\/\/www.lodelmomentoloja.com\/index.php?rest_route=%2Fwp%2Fv2%2Fmedia&parent=22406"}],"wp:term":[{"taxonomy":"category","embeddable":true,"href":"https:\/\/www.lodelmomentoloja.com\/index.php?rest_route=%2Fwp%2Fv2%2Fcategories&post=22406"},{"taxonomy":"post_tag","embeddable":true,"href":"https:\/\/www.lodelmomentoloja.com\/index.php?rest_route=%2Fwp%2Fv2%2Ftags&post=22406"}],"curies":[{"name":"wp","href":"https:\/\/api.w.org\/{rel}","templated":true}]}}