{"id":22379,"date":"2024-09-02T16:40:30","date_gmt":"2024-09-02T16:40:30","guid":{"rendered":"https:\/\/www.lodelmomentoloja.com\/?p=22379"},"modified":"2024-09-02T21:42:59","modified_gmt":"2024-09-02T21:42:59","slug":"el-humo-de-incendios-puede-traer-problemas-respiratorios-a-la-ciudadania","status":"publish","type":"post","link":"https:\/\/www.lodelmomentoloja.com\/?p=22379","title":{"rendered":"El humo de incendios puede traer problemas respiratorios a la ciudadan\u00eda"},"content":{"rendered":"<p>\ud83d\udd25\ud83d\ude37\ud83c\udfe5 \u00bf4m3n4z4s a la salud? El doctor Humberto Tapia Escalante se\u00f1ala las afecciones respiratorias que pueda traer para las personas la disipaci\u00f3n del humo, a ra\u00edz del incendio forestal registrado en la parroquia San Antonio de las Aradas; el especialista menciona los principales s\u00edntomas que podr\u00edan presentar los habitantes de dicho sector. As\u00ed mismo, hace un llamado a las autoridades para mantener informada a la ciudadan\u00eda sobre esta posible 4m3n4z4 y brinda algunos consejos para que las personas puedan mantenerse a buen recaudo.<\/p>\n<div style=\"width: 640px;\" class=\"wp-video\"><!--[if lt IE 9]><script>document.createElement('video');<\/script><![endif]-->\n<video class=\"wp-video-shortcode\" id=\"video-22379-1\" width=\"640\" height=\"360\" preload=\"metadata\" controls=\"controls\"><source type=\"video\/mp4\" src=\"http:\/\/www.lodelmomentoloja.com\/wp-content\/uploads\/2024\/09\/PROBLEMAS-A-LA-SALUD-REDUCIDO.mp4?_=1\" \/><a href=\"http:\/\/www.lodelmomentoloja.com\/wp-content\/uploads\/2024\/09\/PROBLEMAS-A-LA-SALUD-REDUCIDO.mp4\">http:\/\/www.lodelmomentoloja.com\/wp-content\/uploads\/2024\/09\/PROBLEMAS-A-LA-SALUD-REDUCIDO.mp4<\/a><\/video><\/div>\n<p>&nbsp;<\/p>\n<p>El incendio forestal que, hasta el domingo 31 de agosto, ha consumido m\u00e1s de 6000 hect\u00e1reas, seg\u00fan la Secretar\u00eda de Gesti\u00f3n de Riesgos, ha causado grandes p\u00e9rdidas de flora y fauna en la parroquia San Antonio de las Aradas, cant\u00f3n Quilanga.<\/p>\n<p>Sin embargo, un factor que tambi\u00e9n afecta a los moradores es el impacto que genera el flagelo a la salud humana, ya que, los habitantes est\u00e1n expuestos a las altas concentraciones de humo debido al el consumo de la madera, lo que podr\u00eda desencadenar en una serie de s\u00edntomas, el doctor Humberto Tapia menciona cu\u00e1les podr\u00edan ser.<\/p>\n<p>Ante ello, Tapia realiza una serie de recomendaciones para evitar que las personas se exponen a la contaminaci\u00f3n por estas part\u00edculas que pueden provocar afecciones a la salud, a largo plazo.<\/p>\n<p>En caso que de algunas personas presenten los s\u00edntomas antes mencionados, se\u00f1ala que lo m\u00e1s recomendable es acercase al centro de salud m\u00e1s cercano para ser diagnosticado por un experto quien determine un tratamiento \u00f3ptimo para su pronta recuperaci\u00f3n.<\/p>\n<p>Ante la emergencia que vive la provincia de Loja, hacen un llamado a las autoridades para tomar acciones inmediatas que mantengan informada a la ciudadan\u00eda y, sobre todo, prevenir que la salud de los residentes de las zonas afectadas por los incendios forestales se vea comprometida.<\/p>\n<p>Por su parte, el Instituto Nacional de Meteorolog\u00eda e Hidrolog\u00eda (INAMHI) emiti\u00f3 una advertencia alertando sobre las condiciones atmosf\u00e9ricas diurnas y fuertes vientos que azotar\u00e1n al pa\u00eds hasta el pr\u00f3ximo 05 de septiembre, mismas que afectar\u00e1n a la provincia de Loja donde la temperatura podr\u00eda incrementar hasta los 27 grados, convirtiendo a la ciudad en una zona de alto riesgo para futuros incendios forestales, por lo que el \u00e1rea m\u00e9dica solicita a la ciudadan\u00eda tomar precauciones con las que se pueden reducir los \u00edndices de enfermedades, por la propagaci\u00f3n de humo, en el ser humano.<\/p>\n<p>De momento, la lucha para finiquitar el avance de las llamas contin\u00faa, mientras tanto, las medidas de prevenci\u00f3n deber\u00e1n ser aplicadas hasta que todo el humo de la zona se haya disipado en su totalidad.<\/p>\n<p>\ud83d\udcf2\u25b6\ufe0f Ver video completo en Youtube: https:\/\/youtu.be\/ybkqmVOlJj8<\/p>\n<p>\ud83c\udf10\ud83d\udc49 S\u00edguenos en nuestra p\u00e1gina web: www.lodelmomentoloja.com<\/p>\n","protected":false},"excerpt":{"rendered":"<p>\ud83d\udd25\ud83d\ude37\ud83c\udfe5 \u00bf4m3n4z4s a la salud? El doctor Humberto Tapia Escalante se\u00f1ala las afecciones respiratorias que&#8230;<\/p>\n","protected":false},"author":1,"featured_media":22381,"comment_status":"open","ping_status":"open","sticky":false,"template":"","format":"standard","meta":{"footnotes":""},"categories":[7,1,5],"tags":[],"class_list":["post-22379","post","type-post","status-publish","format-standard","has-post-thumbnail","hentry","category-ecuador","category-inicio","category-loja"],"_links":{"self":[{"href":"https:\/\/www.lodelmomentoloja.com\/index.php?rest_route=\/wp\/v2\/posts\/22379"}],"collection":[{"href":"https:\/\/www.lodelmomentoloja.com\/index.php?rest_route=\/wp\/v2\/posts"}],"about":[{"href":"https:\/\/www.lodelmomentoloja.com\/index.php?rest_route=\/wp\/v2\/types\/post"}],"author":[{"embeddable":true,"href":"https:\/\/www.lodelmomentoloja.com\/index.php?rest_route=\/wp\/v2\/users\/1"}],"replies":[{"embeddable":true,"href":"https:\/\/www.lodelmomentoloja.com\/index.php?rest_route=%2Fwp%2Fv2%2Fcomments&post=22379"}],"version-history":[{"count":1,"href":"https:\/\/www.lodelmomentoloja.com\/index.php?rest_route=\/wp\/v2\/posts\/22379\/revisions"}],"predecessor-version":[{"id":22382,"href":"https:\/\/www.lodelmomentoloja.com\/index.php?rest_route=\/wp\/v2\/posts\/22379\/revisions\/22382"}],"wp:featuredmedia":[{"embeddable":true,"href":"https:\/\/www.lodelmomentoloja.com\/index.php?rest_route=\/wp\/v2\/media\/22381"}],"wp:attachment":[{"href":"https:\/\/www.lodelmomentoloja.com\/index.php?rest_route=%2Fwp%2Fv2%2Fmedia&parent=22379"}],"wp:term":[{"taxonomy":"category","embeddable":true,"href":"https:\/\/www.lodelmomentoloja.com\/index.php?rest_route=%2Fwp%2Fv2%2Fcategories&post=22379"},{"taxonomy":"post_tag","embeddable":true,"href":"https:\/\/www.lodelmomentoloja.com\/index.php?rest_route=%2Fwp%2Fv2%2Ftags&post=22379"}],"curies":[{"name":"wp","href":"https:\/\/api.w.org\/{rel}","templated":true}]}}