{"id":22368,"date":"2024-09-02T12:46:45","date_gmt":"2024-09-02T12:46:45","guid":{"rendered":"https:\/\/www.lodelmomentoloja.com\/?p=22368"},"modified":"2024-09-02T17:50:00","modified_gmt":"2024-09-02T17:50:00","slug":"rafael-davila-protagonizo-una-polemica-tras-las-acusaciones-en-contra-de-kelvin-sigcho","status":"publish","type":"post","link":"https:\/\/www.lodelmomentoloja.com\/?p=22368","title":{"rendered":"Rafael D\u00e1vila protagoniz\u00f3 una pol\u00e9mica tras las acusaciones en contra de Kelvin Sigcho"},"content":{"rendered":"<p>\ud83d\ude31\ud83c\udd9a\ud83d\udde3\ufe0f \u00a1Disputas pol\u00edticas! El actual asamble\u00edsta Rafael D\u00e1vila fue ojo de pol\u00e9mica, luego de los ataques contra el excandidato a la Prefectura Kelvin Sigcho y todo esto, a puertas de la contienda electoral de 2025, pues a criterio del legislador, una campa\u00f1a de desprestigio, en las pocas ocasiones en las que ha aparecido, estar\u00eda liderada por Kelvin Sigcho \u00bfCu\u00e1l fue su respuesta?<\/p>\n<div style=\"width: 640px;\" class=\"wp-video\"><!--[if lt IE 9]><script>document.createElement('video');<\/script><![endif]-->\n<video class=\"wp-video-shortcode\" id=\"video-22368-1\" width=\"640\" height=\"360\" preload=\"metadata\" controls=\"controls\"><source type=\"video\/mp4\" src=\"http:\/\/www.lodelmomentoloja.com\/wp-content\/uploads\/2024\/09\/DAVILA-VS-SIGCHO-REDUCIDO.mp4?_=1\" \/><a href=\"http:\/\/www.lodelmomentoloja.com\/wp-content\/uploads\/2024\/09\/DAVILA-VS-SIGCHO-REDUCIDO.mp4\">http:\/\/www.lodelmomentoloja.com\/wp-content\/uploads\/2024\/09\/DAVILA-VS-SIGCHO-REDUCIDO.mp4<\/a><\/video><\/div>\n<p>El actual asamble\u00edsta Rafael D\u00e1vila fue ojo de pol\u00e9mica luego de los ataques contra el excandidato a la Prefectura Kelvin Sigcho y todo esto, en medio de una contienda electoral de 2025.<\/p>\n<p>En una entrevista radial, D\u00e1vila acusa a Kelvin Sigcho de liderar una aparente campa\u00f1a contra su imagen y hasta intent\u00f3 victimizarse, de las \u00fanicas veces en las que aparece D\u00e1vila previo a una precampa\u00f1a electoral.<\/p>\n<p>Por su lado, el periodista de investigaci\u00f3n John Lafebre, el pasado viernes 30 de agosto revel\u00f3 un audio que contradice a D\u00e1vila, puesto que se puede apreciar una faceta distinta del excoideario de CREO y del c\u00f3mo pretende venderse en los medios de comunicaci\u00f3n.<\/p>\n<p>Ante esto, Sigcho tambi\u00e9n se pronunci\u00f3 al respecto en la misma cadena radial respondiendo a D\u00e1vila, asegurando que es hora de un cambio real para todos los lojanos.<\/p>\n<p>Mientras estos altercados, entre antiguos y nuevos pol\u00edticos se hacen m\u00e1s notorios la interrogante es \u00bfSer\u00e1 que existe temor por los nuevos rostros que puedan llegar al poder o simplemente, se trata de una estrategia de precampa\u00f1a? Al final, la ciudadan\u00eda tiene la \u00faltima palabra.<\/p>\n<p>\ud83d\udcf2\u25b6\ufe0f Ver video completo en Youtube: https:\/\/youtu.be\/1L72jipfUvw<\/p>\n<p>\ud83c\udf10\ud83d\udc49 S\u00edguenos en nuestra p\u00e1gina web: www.lodelmomentoloja.com<\/p>\n","protected":false},"excerpt":{"rendered":"<p>\ud83d\ude31\ud83c\udd9a\ud83d\udde3\ufe0f \u00a1Disputas pol\u00edticas! El actual asamble\u00edsta Rafael D\u00e1vila fue ojo de pol\u00e9mica, luego de los&#8230;<\/p>\n","protected":false},"author":1,"featured_media":22370,"comment_status":"open","ping_status":"open","sticky":false,"template":"","format":"standard","meta":{"footnotes":""},"categories":[7,1,5],"tags":[],"class_list":["post-22368","post","type-post","status-publish","format-standard","has-post-thumbnail","hentry","category-ecuador","category-inicio","category-loja"],"_links":{"self":[{"href":"https:\/\/www.lodelmomentoloja.com\/index.php?rest_route=\/wp\/v2\/posts\/22368"}],"collection":[{"href":"https:\/\/www.lodelmomentoloja.com\/index.php?rest_route=\/wp\/v2\/posts"}],"about":[{"href":"https:\/\/www.lodelmomentoloja.com\/index.php?rest_route=\/wp\/v2\/types\/post"}],"author":[{"embeddable":true,"href":"https:\/\/www.lodelmomentoloja.com\/index.php?rest_route=\/wp\/v2\/users\/1"}],"replies":[{"embeddable":true,"href":"https:\/\/www.lodelmomentoloja.com\/index.php?rest_route=%2Fwp%2Fv2%2Fcomments&post=22368"}],"version-history":[{"count":1,"href":"https:\/\/www.lodelmomentoloja.com\/index.php?rest_route=\/wp\/v2\/posts\/22368\/revisions"}],"predecessor-version":[{"id":22371,"href":"https:\/\/www.lodelmomentoloja.com\/index.php?rest_route=\/wp\/v2\/posts\/22368\/revisions\/22371"}],"wp:featuredmedia":[{"embeddable":true,"href":"https:\/\/www.lodelmomentoloja.com\/index.php?rest_route=\/wp\/v2\/media\/22370"}],"wp:attachment":[{"href":"https:\/\/www.lodelmomentoloja.com\/index.php?rest_route=%2Fwp%2Fv2%2Fmedia&parent=22368"}],"wp:term":[{"taxonomy":"category","embeddable":true,"href":"https:\/\/www.lodelmomentoloja.com\/index.php?rest_route=%2Fwp%2Fv2%2Fcategories&post=22368"},{"taxonomy":"post_tag","embeddable":true,"href":"https:\/\/www.lodelmomentoloja.com\/index.php?rest_route=%2Fwp%2Fv2%2Ftags&post=22368"}],"curies":[{"name":"wp","href":"https:\/\/api.w.org\/{rel}","templated":true}]}}