{"id":2232,"date":"2021-02-02T11:00:48","date_gmt":"2021-02-02T11:00:48","guid":{"rendered":"http:\/\/www.lodelmomentoloja.com\/?p=2232"},"modified":"2021-02-02T16:02:49","modified_gmt":"2021-02-02T16:02:49","slug":"periodista-dayanna-monroy-denunciada","status":"publish","type":"post","link":"https:\/\/www.lodelmomentoloja.com\/?p=2232","title":{"rendered":"Periodista Dayanna Monroy denunciada."},"content":{"rendered":"<div class=\"kvgmc6g5 cxmmr5t8 oygrvhab hcukyx3x c1et5uql ii04i59q\">\n<div dir=\"auto\"><a class=\"oajrlxb2 g5ia77u1 qu0x051f esr5mh6w e9989ue4 r7d6kgcz rq0escxv nhd2j8a9 nc684nl6 p7hjln8o kvgmc6g5 cxmmr5t8 oygrvhab hcukyx3x jb3vyjys rz4wbd8a qt6c0cv9 a8nywdso i1ao9s8h esuyzwwr f1sip0of lzcic4wl q66pz984 gpro0wi8 b1v8xokw\" tabindex=\"0\" role=\"link\" href=\"https:\/\/www.facebook.com\/hashtag\/ecuador?__eep__=6&amp;__cft__[0]=AZXLV3879d7RuthI4TAs-wmW55s3SfMI-FT2ZWnL3zZOD7y6KBopKvvej9fGTsJBoCYC7qdUSCojfYRMEC0IPUBhimqoslT1aYXCaQrUdN4M9HEb1x-90-_gwGEKlC-xH4uHTWZCgn-Sr-mNylWiUJkDHV0PqDy2HuR6UWnOyYrbfPdCCQ03r2LA00VUr84gTdw&amp;__tn__=*NK-R\">#Ecuador<\/a> | Periodista es denunciada por Fiscal\u00eda.<\/div>\n<div dir=\"auto\"><\/div>\n<\/div>\n<div class=\"o9v6fnle cxmmr5t8 oygrvhab hcukyx3x c1et5uql ii04i59q\">\n<div dir=\"auto\">La periodista de Teleamazonas, Dayanna Monroy revel\u00f3 que ha sido denunciada en la Fiscal\u00eda General del Estado, por Abdala Bucaram Ortiz, por el presunto delito de revelaci\u00f3n ilegal de base de datos. El Fiscal a cargo del caso Javier Pucha Paguay, ha solicitado al SRI, Superintendencia de Bancos, Superintendencia de Compa\u00f1\u00edas, Registradur\u00eda de la Propiedad y la UAFE que se levanten informes sobre su patrimonio.<\/div>\n<div dir=\"auto\"><\/div>\n<\/div>\n<div class=\"o9v6fnle cxmmr5t8 oygrvhab hcukyx3x c1et5uql ii04i59q\">\n<div dir=\"auto\">La denuncia es presentada semanas despu\u00e9s de que la periodista haya revelado algunos reportajes por el caso de insumos m\u00e9dicos del IESS donde revelo presuntas irregularidades en la compra de insumos m\u00e9dicos y fundas de cad\u00e1veres.<\/div>\n<div dir=\"auto\"><\/div>\n<\/div>\n<div class=\"o9v6fnle cxmmr5t8 oygrvhab hcukyx3x c1et5uql ii04i59q\">\n<div dir=\"auto\">El abogado de Bucaram, Alfredo Arboleda mediante un escrito aclar\u00f3 el porqu\u00e9 de la denuncia, es por el recurso de apelaci\u00f3n a la resoluci\u00f3n de habeas corpus a favor de Jacobo Bucaram. \u201cLos periodistas no tienen ning\u00fan tipo de inmunidad, ellos y los medios de comunicaci\u00f3n que los respaldan y secundan deben de publicar hechos ver\u00eddicos, reales y contractados, respetando la dignidad, honra y buen nombre de las personas.\u201d Recalca el abogado.<\/div>\n<div dir=\"auto\"><\/div>\n<\/div>\n<div class=\"o9v6fnle cxmmr5t8 oygrvhab hcukyx3x c1et5uql ii04i59q\">\n<div dir=\"auto\">Dayanna Monroy en su cuenta de Twitter indignada recalc\u00f3 \u201cYo no les pido que me protejan, solo les pido que no me persigan.\u201d<\/div>\n<\/div>\n<div class=\"o9v6fnle cxmmr5t8 oygrvhab hcukyx3x c1et5uql ii04i59q\">\n<div dir=\"auto\">Tras conocerse la denuncia periodistas, lideres de opini\u00f3n y ciudadan\u00eda en general se han solidarizado con la periodista.<\/div>\n<\/div>\n","protected":false},"excerpt":{"rendered":"<p>#Ecuador | Periodista es denunciada por Fiscal\u00eda. La periodista de Teleamazonas, Dayanna Monroy revel\u00f3 que&#8230;<\/p>\n","protected":false},"author":1,"featured_media":2233,"comment_status":"open","ping_status":"open","sticky":false,"template":"","format":"standard","meta":{"footnotes":""},"categories":[1],"tags":[],"class_list":["post-2232","post","type-post","status-publish","format-standard","has-post-thumbnail","hentry","category-inicio"],"_links":{"self":[{"href":"https:\/\/www.lodelmomentoloja.com\/index.php?rest_route=\/wp\/v2\/posts\/2232"}],"collection":[{"href":"https:\/\/www.lodelmomentoloja.com\/index.php?rest_route=\/wp\/v2\/posts"}],"about":[{"href":"https:\/\/www.lodelmomentoloja.com\/index.php?rest_route=\/wp\/v2\/types\/post"}],"author":[{"embeddable":true,"href":"https:\/\/www.lodelmomentoloja.com\/index.php?rest_route=\/wp\/v2\/users\/1"}],"replies":[{"embeddable":true,"href":"https:\/\/www.lodelmomentoloja.com\/index.php?rest_route=%2Fwp%2Fv2%2Fcomments&post=2232"}],"version-history":[{"count":1,"href":"https:\/\/www.lodelmomentoloja.com\/index.php?rest_route=\/wp\/v2\/posts\/2232\/revisions"}],"predecessor-version":[{"id":2234,"href":"https:\/\/www.lodelmomentoloja.com\/index.php?rest_route=\/wp\/v2\/posts\/2232\/revisions\/2234"}],"wp:featuredmedia":[{"embeddable":true,"href":"https:\/\/www.lodelmomentoloja.com\/index.php?rest_route=\/wp\/v2\/media\/2233"}],"wp:attachment":[{"href":"https:\/\/www.lodelmomentoloja.com\/index.php?rest_route=%2Fwp%2Fv2%2Fmedia&parent=2232"}],"wp:term":[{"taxonomy":"category","embeddable":true,"href":"https:\/\/www.lodelmomentoloja.com\/index.php?rest_route=%2Fwp%2Fv2%2Fcategories&post=2232"},{"taxonomy":"post_tag","embeddable":true,"href":"https:\/\/www.lodelmomentoloja.com\/index.php?rest_route=%2Fwp%2Fv2%2Ftags&post=2232"}],"curies":[{"name":"wp","href":"https:\/\/api.w.org\/{rel}","templated":true}]}}