{"id":22308,"date":"2024-08-29T13:19:36","date_gmt":"2024-08-29T13:19:36","guid":{"rendered":"https:\/\/www.lodelmomentoloja.com\/?p=22308"},"modified":"2024-08-29T18:22:22","modified_gmt":"2024-08-29T18:22:22","slug":"incendio-forestal-se-expande-en-quilanga","status":"publish","type":"post","link":"https:\/\/www.lodelmomentoloja.com\/?p=22308","title":{"rendered":"Incendio forestal se expande en Quilanga"},"content":{"rendered":"<p>\ud83d\udd25\ud83c\udfd8\ufe0f\ud83d\ude2d \u00a1Fuera de control! Luego de que, el Cuerpo de Bomberos informara que el flagelo iniciado el pasado 23 de agosto fue controlado en un 90%, las llamas volvieron a tomar fuerza en menos de 48 horas. Familias evacuadas, personas heridas, viviendas consumidas por el fuego y m\u00e1s de 1000 hect\u00e1reas consumidas por el fuego es el resultado que, de momento, deja el flagelo. De momento, las autoridades coordinan gestiones para el sobrevuelo del helic\u00f3ptero \u201cBambi Bucket\u201d para controlar el dantesco 1nc3nd10.<\/p>\n<div style=\"width: 640px;\" class=\"wp-video\"><!--[if lt IE 9]><script>document.createElement('video');<\/script><![endif]-->\n<video class=\"wp-video-shortcode\" id=\"video-22308-1\" width=\"640\" height=\"360\" preload=\"metadata\" controls=\"controls\"><source type=\"video\/mp4\" src=\"http:\/\/www.lodelmomentoloja.com\/wp-content\/uploads\/2024\/08\/REACTIVACION-DE-INCENDIO-REDUCIDO.mp4?_=1\" \/><a href=\"http:\/\/www.lodelmomentoloja.com\/wp-content\/uploads\/2024\/08\/REACTIVACION-DE-INCENDIO-REDUCIDO.mp4\">http:\/\/www.lodelmomentoloja.com\/wp-content\/uploads\/2024\/08\/REACTIVACION-DE-INCENDIO-REDUCIDO.mp4<\/a><\/video><\/div>\n<p>Un incendio de grandes proporciones afecta gravemente a la parroquia San Antonio de las Aradas, cant\u00f3n Quilanga de la provincia de Loja. Luego de que, el Cuerpo de Bomberos informara que el flagelo iniciado el pasado 23 de agosto fue controlado en un 90%, las llamas volvieron a tomar fuerza en menos de 48 horas.<\/p>\n<p>Familias evacuadas, personas heridas y m\u00e1s de 1000 hect\u00e1reas consumidas por el fuego es el resultado que, de momento, deja el flagelo. La Secretaria de Gesti\u00f3n de Riesgos, inform\u00f3 a trav\u00e9s de sus canales oficiales, que dos bomberos resultaron heridos, 1 de Zamora quien fue trasladado a Loja y mantiene una condici\u00f3n estable, mientras que el otro, es un bombero de Quilanga diagnosticado con heridas leves por lo que fue dado de alta.<\/p>\n<p>Impulsado por los fuertes vientos, seg\u00fan el personal de bomberos, el incendio ha complicado las labores de contenci\u00f3n, convirti\u00e9ndose en una situaci\u00f3n de alto riesgo para los moradores del sector.<\/p>\n<p>Ante la emergencia, las autoridades han activado las Brigadas de Refuerzo en Incendios Forestales (BRIF) en la que participan personal de bomberos de Ca\u00f1ar, El Oro, Loja, Esp\u00edndola, Gonzanam\u00e1 y Calvas.<\/p>\n<p>Adem\u00e1s, personal de Riesgo, Ministerio de Salud y miembros de las Fuerzas Armadas, apoyan a la evacuaci\u00f3n de familias en riesgo en San Antonio de las Aradas, mientras la Polic\u00eda Nacional realiza labores de control y seguridad.<\/p>\n<p>Por su parte, el alcalde del cant\u00f3n, Juan Carlos Sant\u00edn, expres\u00f3 que, en medio de la tragedia la \u201cburocracia estatal\u201d impidi\u00f3 la llegada del helic\u00f3ptero \u201cBambi Bucket\u201d para combatir las llamas en la zona alta de Piedra Blanca, seg\u00fan el burgomaestre, situaciones de car\u00e1cter pol\u00edtico, paralizan las gestiones en el cant\u00f3n.<\/p>\n<p>En respuesta a las acusaciones, Gesti\u00f3n de Riesgos, mediante un comunicado, dio a conocer que, el recurso a\u00e9reo solicitado por la m\u00e1xima autoridad cantonal, ya estar\u00eda a disposici\u00f3n, esperando las \u201ccondiciones favorables para realizar el sobrevuelo\u201d.<\/p>\n<p>Hasta el cierre de este reporte, se conoce que 45 personas han recibido atenci\u00f3n m\u00e9dica, entre bomberos y brigadistas con afecciones oculares y nasales, as\u00ed como dos personas adultas mayores. De igual manera, 2 viviendas han sido consumidas por las llamas, mientras 8 personas est\u00e1n refugiadas en albergues.<\/p>\n<p>\ud83d\udcf2\u25b6\ufe0f Ver video completo en Youtube: https:\/\/youtu.be\/GWq-Q1co3rw<\/p>\n<p>\ud83c\udf10\ud83d\udc49 S\u00edguenos en nuestra p\u00e1gina web: www.lodelmomentoloja.com<\/p>\n","protected":false},"excerpt":{"rendered":"<p>\ud83d\udd25\ud83c\udfd8\ufe0f\ud83d\ude2d \u00a1Fuera de control! Luego de que, el Cuerpo de Bomberos informara que el flagelo&#8230;<\/p>\n","protected":false},"author":1,"featured_media":22310,"comment_status":"open","ping_status":"open","sticky":false,"template":"","format":"standard","meta":{"footnotes":""},"categories":[7,1,5],"tags":[],"class_list":["post-22308","post","type-post","status-publish","format-standard","has-post-thumbnail","hentry","category-ecuador","category-inicio","category-loja"],"_links":{"self":[{"href":"https:\/\/www.lodelmomentoloja.com\/index.php?rest_route=\/wp\/v2\/posts\/22308"}],"collection":[{"href":"https:\/\/www.lodelmomentoloja.com\/index.php?rest_route=\/wp\/v2\/posts"}],"about":[{"href":"https:\/\/www.lodelmomentoloja.com\/index.php?rest_route=\/wp\/v2\/types\/post"}],"author":[{"embeddable":true,"href":"https:\/\/www.lodelmomentoloja.com\/index.php?rest_route=\/wp\/v2\/users\/1"}],"replies":[{"embeddable":true,"href":"https:\/\/www.lodelmomentoloja.com\/index.php?rest_route=%2Fwp%2Fv2%2Fcomments&post=22308"}],"version-history":[{"count":1,"href":"https:\/\/www.lodelmomentoloja.com\/index.php?rest_route=\/wp\/v2\/posts\/22308\/revisions"}],"predecessor-version":[{"id":22311,"href":"https:\/\/www.lodelmomentoloja.com\/index.php?rest_route=\/wp\/v2\/posts\/22308\/revisions\/22311"}],"wp:featuredmedia":[{"embeddable":true,"href":"https:\/\/www.lodelmomentoloja.com\/index.php?rest_route=\/wp\/v2\/media\/22310"}],"wp:attachment":[{"href":"https:\/\/www.lodelmomentoloja.com\/index.php?rest_route=%2Fwp%2Fv2%2Fmedia&parent=22308"}],"wp:term":[{"taxonomy":"category","embeddable":true,"href":"https:\/\/www.lodelmomentoloja.com\/index.php?rest_route=%2Fwp%2Fv2%2Fcategories&post=22308"},{"taxonomy":"post_tag","embeddable":true,"href":"https:\/\/www.lodelmomentoloja.com\/index.php?rest_route=%2Fwp%2Fv2%2Ftags&post=22308"}],"curies":[{"name":"wp","href":"https:\/\/api.w.org\/{rel}","templated":true}]}}