{"id":22262,"date":"2024-08-27T17:25:56","date_gmt":"2024-08-27T17:25:56","guid":{"rendered":"https:\/\/www.lodelmomentoloja.com\/?p=22262"},"modified":"2024-08-27T22:28:02","modified_gmt":"2024-08-27T22:28:02","slug":"colegios-y-escuelas-deberan-cantar-el-himno-nacional-de-manera-obligatoria","status":"publish","type":"post","link":"https:\/\/www.lodelmomentoloja.com\/?p=22262","title":{"rendered":"Colegios y escuelas deber\u00e1n cantar el Himno nacional de manera obligatoria"},"content":{"rendered":"<p>\ud83c\uddea\ud83c\udde8\ud83d\udd0a\ud83d\udde3\ufe0f \u00a1Minuto c\u00edvico! Para el nuevo a\u00f1o escolar en la regi\u00f3n Sierra y Amazon\u00eda, el Ministerio de Educaci\u00f3n dispuso que las escuelas y colegios que formen parte del Sistema Educativo Nacional, deber\u00e1n cantar el Himno Nacional de manera obligatoria durante el minuto c\u00edvico, el cual, tendr\u00e1 una duraci\u00f3n de entre 10 a 15 minutos y se celebrar\u00e1 todos los d\u00edas lunes.<\/p>\n<div style=\"width: 640px;\" class=\"wp-video\"><!--[if lt IE 9]><script>document.createElement('video');<\/script><![endif]-->\n<video class=\"wp-video-shortcode\" id=\"video-22262-1\" width=\"640\" height=\"360\" preload=\"metadata\" controls=\"controls\"><source type=\"video\/mp4\" src=\"http:\/\/www.lodelmomentoloja.com\/wp-content\/uploads\/2024\/08\/MINUTO-CIVICO-REDUCIDO.mp4?_=1\" \/><a href=\"http:\/\/www.lodelmomentoloja.com\/wp-content\/uploads\/2024\/08\/MINUTO-CIVICO-REDUCIDO.mp4\">http:\/\/www.lodelmomentoloja.com\/wp-content\/uploads\/2024\/08\/MINUTO-CIVICO-REDUCIDO.mp4<\/a><\/video><\/div>\n<p>&nbsp;<\/p>\n<p>Para el nuevo a\u00f1o escolar en la regi\u00f3n Sierra y Amazon\u00eda que inicia este 02 de septiembre, el Ministerio de Educaci\u00f3n dispuso que las escuelas y colegios que formen parte del Sistema Educativo Nacional, deber\u00e1n cantar el Himno Nacional de manera obligatoria.<\/p>\n<p>Esta medida es parte del programa del plan curricular 2024 \u2013 2025 que pretende la educaci\u00f3n integral de los estudiantes con la implementaci\u00f3n de nuevas asignaturas como c\u00edvica y \u00e9tica, educaci\u00f3n socioemocional, financiera y seguridad vial.<\/p>\n<p>Con ello, la cartera de Estado inform\u00f3 el regreso del Momento C\u00edvico, un espacio destinado para impulsar el respeto por los s\u00edmbolos patrios. Seg\u00fan el Ministerio, tendr\u00e1 una duraci\u00f3n de entre 10 y 15 minutos y se realizar\u00e1, de preferencia, los d\u00edas lunes.<\/p>\n<p>Esta, era una pr\u00e1ctica que anteriormente ya se hac\u00eda y volver\u00e1 con algunas modificaciones; durante el tiempo estimado, se deben cumplir 3 lineamientos fundamentales, seg\u00fan el Ministerio; entonaci\u00f3n del Himno Nacional, Izado de la Bandera y reflexi\u00f3n sobre los valores que se trabajar\u00e1 mensualmente en las instituciones educativas.<\/p>\n<p>\ud83d\udcf2\u25b6\ufe0f Ver video completo en Youtube: https:\/\/youtu.be\/9rZ2l60Z4YM<\/p>\n<p>\ud83c\udf10\ud83d\udc49 S\u00edguenos en nuestra p\u00e1gina web: www.lodelmomentoloja.com<\/p>\n","protected":false},"excerpt":{"rendered":"<p>\ud83c\uddea\ud83c\udde8\ud83d\udd0a\ud83d\udde3\ufe0f \u00a1Minuto c\u00edvico! Para el nuevo a\u00f1o escolar en la regi\u00f3n Sierra y Amazon\u00eda, el&#8230;<\/p>\n","protected":false},"author":1,"featured_media":22264,"comment_status":"open","ping_status":"open","sticky":false,"template":"","format":"standard","meta":{"footnotes":""},"categories":[7,1,5],"tags":[],"class_list":["post-22262","post","type-post","status-publish","format-standard","has-post-thumbnail","hentry","category-ecuador","category-inicio","category-loja"],"_links":{"self":[{"href":"https:\/\/www.lodelmomentoloja.com\/index.php?rest_route=\/wp\/v2\/posts\/22262"}],"collection":[{"href":"https:\/\/www.lodelmomentoloja.com\/index.php?rest_route=\/wp\/v2\/posts"}],"about":[{"href":"https:\/\/www.lodelmomentoloja.com\/index.php?rest_route=\/wp\/v2\/types\/post"}],"author":[{"embeddable":true,"href":"https:\/\/www.lodelmomentoloja.com\/index.php?rest_route=\/wp\/v2\/users\/1"}],"replies":[{"embeddable":true,"href":"https:\/\/www.lodelmomentoloja.com\/index.php?rest_route=%2Fwp%2Fv2%2Fcomments&post=22262"}],"version-history":[{"count":1,"href":"https:\/\/www.lodelmomentoloja.com\/index.php?rest_route=\/wp\/v2\/posts\/22262\/revisions"}],"predecessor-version":[{"id":22265,"href":"https:\/\/www.lodelmomentoloja.com\/index.php?rest_route=\/wp\/v2\/posts\/22262\/revisions\/22265"}],"wp:featuredmedia":[{"embeddable":true,"href":"https:\/\/www.lodelmomentoloja.com\/index.php?rest_route=\/wp\/v2\/media\/22264"}],"wp:attachment":[{"href":"https:\/\/www.lodelmomentoloja.com\/index.php?rest_route=%2Fwp%2Fv2%2Fmedia&parent=22262"}],"wp:term":[{"taxonomy":"category","embeddable":true,"href":"https:\/\/www.lodelmomentoloja.com\/index.php?rest_route=%2Fwp%2Fv2%2Fcategories&post=22262"},{"taxonomy":"post_tag","embeddable":true,"href":"https:\/\/www.lodelmomentoloja.com\/index.php?rest_route=%2Fwp%2Fv2%2Ftags&post=22262"}],"curies":[{"name":"wp","href":"https:\/\/api.w.org\/{rel}","templated":true}]}}