{"id":22241,"date":"2024-08-27T13:13:53","date_gmt":"2024-08-27T13:13:53","guid":{"rendered":"https:\/\/www.lodelmomentoloja.com\/?p=22241"},"modified":"2024-08-27T18:35:33","modified_gmt":"2024-08-27T18:35:33","slug":"caso-el-nacho-revelaria-aparente-trama-de-corrupcion-en-la-prefectura-de-loja","status":"publish","type":"post","link":"https:\/\/www.lodelmomentoloja.com\/?p=22241","title":{"rendered":"Caso &#8220;El Nacho&#8221; revelar\u00eda aparente trama de corrupci\u00f3n en la Prefectura de Loja"},"content":{"rendered":"<p class=\"selectable-text copyable-text x15bjb6t x1n2onr6\" dir=\"ltr\"><span class=\"selectable-text copyable-text\">\ud83d\ude31\u270d\ufe0f\ud83e\udd1d \u00a1Caso \u201cEl Nacho\u201d! Jos\u00e9 Ignacio E, mejor conocido como \u201cel nacho\u201d es el funcionario de la Prefectura de Loja que, al parecer, ser\u00eda el protagonista en este caso, indagado desde hace meses atr\u00e1s por el periodista de investigaci\u00f3n, John Lafebre. Aqu\u00ed, todo lo referente en procesos de contrataci\u00f3n de bienes y servicios, contrataci\u00f3n de personal, autorizaciones de salida y dem\u00e1s, debe tener su visto bueno; los detalles en el siguiente reportaje.<\/p>\n<p><\/span><\/p>\n<div style=\"width: 640px;\" class=\"wp-video\"><!--[if lt IE 9]><script>document.createElement('video');<\/script><![endif]-->\n<video class=\"wp-video-shortcode\" id=\"video-22241-1\" width=\"640\" height=\"360\" preload=\"metadata\" controls=\"controls\"><source type=\"video\/mp4\" src=\"http:\/\/www.lodelmomentoloja.com\/wp-content\/uploads\/2024\/08\/CASO-EL-NACHO-REDUCIDO.mp4?_=1\" \/><a href=\"http:\/\/www.lodelmomentoloja.com\/wp-content\/uploads\/2024\/08\/CASO-EL-NACHO-REDUCIDO.mp4\">http:\/\/www.lodelmomentoloja.com\/wp-content\/uploads\/2024\/08\/CASO-EL-NACHO-REDUCIDO.mp4<\/a><\/video><\/div>\n<p class=\"selectable-text copyable-text x15bjb6t x1n2onr6\" dir=\"ltr\"><span class=\"selectable-text copyable-text\"><\/p>\n<p>La aparente corrupci\u00f3n es la sombra que persigue a la Prefectura de Loja, y esto desde hace varios a\u00f1os, cuando un grupo pol\u00edtico ha protagonizado varios casos que ya son de conocimiento p\u00fablico; sin embargo, el m\u00e1s reciente salta a la administraci\u00f3n de Mario Mancino donde se descubre un aparente modus operandi por parte del mayor hombre de confianza del Prefecto. <\/span><\/p>\n<p class=\"selectable-text copyable-text x15bjb6t x1n2onr6\" dir=\"ltr\"><span class=\"selectable-text copyable-text\">\u201cEl Nacho\u201d, como com\u00fanmente lo conocen a Jos\u00e9 Ignacio E, es el funcionario de la Prefectura que, al parecer, ser\u00eda el protagonista en este caso, indagado desde hace meses atr\u00e1s por el periodista de investigaci\u00f3n, John Lafebre, mismo que ser\u00e1 explicado en el siguiente reportaje.<\/span><\/p>\n<p class=\"selectable-text copyable-text x15bjb6t x1n2onr6\" dir=\"ltr\"><span class=\"selectable-text copyable-text\">Todo inicia un 26 de septiembre de 2023, cuando Mario Mancino le otorga todos los poderes, mediante memorando al \u201cNacho\u201d; aqu\u00ed, todo lo referente en procesos de contrataci\u00f3n de bienes y servicios, contrataci\u00f3n de personal, autorizaciones de salida y dem\u00e1s, debe tener su visto bueno. Sin embargo, las peculiaridades empezaron a aparecer, puesto que, el 25 de septiembre del mismo, es decir, un d\u00eda antes de que este documento se haga oficial, Jos\u00e9 Ignacio E. fue captado saliendo de un restaurante prestigioso de la ciudad con varios contratistas y proveedores de la Prefectura de Loja, tal como lo muestran los v\u00eddeos. <\/span><\/p>\n<p class=\"selectable-text copyable-text x15bjb6t x1n2onr6\" dir=\"ltr\"><span class=\"selectable-text copyable-text\">Mientras el tiempo transcurr\u00eda, el 2 de enero del 2024, los poderes para \u201cEl Nacho\u201d fueron renovados hasta el 31 de diciembre 2024, esta vez mediante Resoluci\u00f3n RP-MJMV-01-2024, varios contratistas y personas de la instituci\u00f3n afirmaban que, para cualquier contrataci\u00f3n, primero tendr\u00eda que pasar a manos del Nacho. Ante las aparentes irregularidades, algunos conversaron con Lafebre, pero, por temor a las represalias han preferido mantenerse en la reserva. Pero, las alarmas saltaron cuando uno de estos contratistas lo grab\u00f3 pidiendo el 7% de un contrato que deber\u00eda ir, aparentemente, a manos del Prefecto.<\/span><\/p>\n<p class=\"selectable-text copyable-text x15bjb6t x1n2onr6\" dir=\"ltr\"><span class=\"selectable-text copyable-text\">Pero eso no es todo, al registrar los antecedentes de Jos\u00e9 I., m\u00e1s conocido como el Nacho, se ha podido evidenciar lo siguiente:<\/span><\/p>\n<p class=\"selectable-text copyable-text x15bjb6t x1n2onr6\" dir=\"ltr\"><span class=\"selectable-text copyable-text\">Es funcionario de la prefectura de loja y tiene un impedimento para ejercer cargo p\u00fablico por un tema con el IESS. <\/span><\/p>\n<p class=\"selectable-text copyable-text x15bjb6t x1n2onr6\" dir=\"ltr\"><span class=\"selectable-text copyable-text\">Ahora, este tema podr\u00eda configurar en un presunto delito de cohecho trayecto repercusiones plenamente sobre el funcionario p\u00fablico, mismo que est\u00e1 tipificado en el art\u00edculo 280 del COIP el cual establece una pena de entre 5 a 7 a\u00f1os de prisi\u00f3n, adem\u00e1s de la reparaci\u00f3n \u00edntegra de los da\u00f1os causados por sus acciones.<\/span><\/p>\n<p class=\"selectable-text copyable-text x15bjb6t x1n2onr6\" dir=\"ltr\"><span class=\"x19la9d6 x1fc57z9 x6ikm8r x10wlt62 x19co3pv x1g5zs5t xfibh0p xiy17q3 x1xsqp64 x1lkfr7t xexx8yu x4uap5 x18d9i69 xkhd6sd\"><span class=\"xrtxmta x1bhl96m\">\ud83d\udcf2<\/span><\/span><span class=\"x19la9d6 x1fc57z9 x6ikm8r x10wlt62 x19co3pv x1g5zs5t xfibh0p xiy17q3 x1xsqp64 x1lkfr7t xexx8yu x4uap5 x18d9i69 xkhd6sd\"><span class=\"xrtxmta x1bhl96m\">\u25b6\ufe0f<\/span><\/span><span class=\"selectable-text copyable-text\"> Ver video completo en Youtube: https:\/\/youtu.be\/Do9Q4IzdAjI<\/span><\/p>\n<p class=\"selectable-text copyable-text x15bjb6t x1n2onr6\" dir=\"ltr\"><span class=\"x19la9d6 x1fc57z9 x6ikm8r x10wlt62 x19co3pv x1g5zs5t xfibh0p xiy17q3 x1xsqp64 x1lkfr7t xexx8yu x4uap5 x18d9i69 xkhd6sd\"><span class=\"xrtxmta x1bhl96m\">\ud83c\udf10<\/span><\/span><span class=\"x19la9d6 x1fc57z9 x6ikm8r x10wlt62 x19co3pv x1g5zs5t xfibh0p xiy17q3 x1xsqp64 x1lkfr7t xexx8yu x4uap5 x18d9i69 xkhd6sd\"><span class=\"xrtxmta x1bhl96m\">\ud83d\udc49<\/span><\/span><span class=\"selectable-text copyable-text\"> S\u00edguenos en nuestra p\u00e1gina web: <\/span><span class=\"selectable-text copyable-text\">www.lodelmomentoloja.com<\/span><\/p>\n","protected":false},"excerpt":{"rendered":"<p>\ud83d\ude31\u270d\ufe0f\ud83e\udd1d \u00a1Caso \u201cEl Nacho\u201d! Jos\u00e9 Ignacio E, mejor conocido como \u201cel nacho\u201d es el funcionario&#8230;<\/p>\n","protected":false},"author":1,"featured_media":22242,"comment_status":"open","ping_status":"open","sticky":false,"template":"","format":"standard","meta":{"footnotes":""},"categories":[7,1,5],"tags":[],"class_list":["post-22241","post","type-post","status-publish","format-standard","has-post-thumbnail","hentry","category-ecuador","category-inicio","category-loja"],"_links":{"self":[{"href":"https:\/\/www.lodelmomentoloja.com\/index.php?rest_route=\/wp\/v2\/posts\/22241"}],"collection":[{"href":"https:\/\/www.lodelmomentoloja.com\/index.php?rest_route=\/wp\/v2\/posts"}],"about":[{"href":"https:\/\/www.lodelmomentoloja.com\/index.php?rest_route=\/wp\/v2\/types\/post"}],"author":[{"embeddable":true,"href":"https:\/\/www.lodelmomentoloja.com\/index.php?rest_route=\/wp\/v2\/users\/1"}],"replies":[{"embeddable":true,"href":"https:\/\/www.lodelmomentoloja.com\/index.php?rest_route=%2Fwp%2Fv2%2Fcomments&post=22241"}],"version-history":[{"count":1,"href":"https:\/\/www.lodelmomentoloja.com\/index.php?rest_route=\/wp\/v2\/posts\/22241\/revisions"}],"predecessor-version":[{"id":22247,"href":"https:\/\/www.lodelmomentoloja.com\/index.php?rest_route=\/wp\/v2\/posts\/22241\/revisions\/22247"}],"wp:featuredmedia":[{"embeddable":true,"href":"https:\/\/www.lodelmomentoloja.com\/index.php?rest_route=\/wp\/v2\/media\/22242"}],"wp:attachment":[{"href":"https:\/\/www.lodelmomentoloja.com\/index.php?rest_route=%2Fwp%2Fv2%2Fmedia&parent=22241"}],"wp:term":[{"taxonomy":"category","embeddable":true,"href":"https:\/\/www.lodelmomentoloja.com\/index.php?rest_route=%2Fwp%2Fv2%2Fcategories&post=22241"},{"taxonomy":"post_tag","embeddable":true,"href":"https:\/\/www.lodelmomentoloja.com\/index.php?rest_route=%2Fwp%2Fv2%2Ftags&post=22241"}],"curies":[{"name":"wp","href":"https:\/\/api.w.org\/{rel}","templated":true}]}}