{"id":22223,"date":"2024-08-26T17:36:50","date_gmt":"2024-08-26T17:36:50","guid":{"rendered":"https:\/\/www.lodelmomentoloja.com\/?p=22223"},"modified":"2024-08-26T22:39:37","modified_gmt":"2024-08-26T22:39:37","slug":"aparente-negligencia-medica-en-saraguro","status":"publish","type":"post","link":"https:\/\/www.lodelmomentoloja.com\/?p=22223","title":{"rendered":"Aparente negligencia m\u00e9dica en Saraguro"},"content":{"rendered":"<p>\ud83d\ude2d\ud83d\udc76\u271d\ufe0f \u00bfNo prestaron sus servicios a tiempo? Una aparente negligencia m\u00e9dica fue denunciada p\u00fablicamente por los moradores del sector Ga\u00f1il, parroquia Cel\u00e9n en el cant\u00f3n Saraguro, pues seg\u00fan mencionan los testigos, la falta de asistencia a una madre que se encontraba en periodo de gestaci\u00f3n, habr\u00eda provocado la temprana partida del menor, dentro del vientre de su progenitora.<\/p>\n<div style=\"width: 640px;\" class=\"wp-video\"><!--[if lt IE 9]><script>document.createElement('video');<\/script><![endif]-->\n<video class=\"wp-video-shortcode\" id=\"video-22223-1\" width=\"640\" height=\"360\" preload=\"metadata\" controls=\"controls\"><source type=\"video\/mp4\" src=\"http:\/\/www.lodelmomentoloja.com\/wp-content\/uploads\/2024\/08\/BEBE-SARAGURO-REDUCIDO.mp4?_=1\" \/><a href=\"http:\/\/www.lodelmomentoloja.com\/wp-content\/uploads\/2024\/08\/BEBE-SARAGURO-REDUCIDO.mp4\">http:\/\/www.lodelmomentoloja.com\/wp-content\/uploads\/2024\/08\/BEBE-SARAGURO-REDUCIDO.mp4<\/a><\/video><\/div>\n<p>Una aparente negligencia m\u00e9dica fue denunciada p\u00fablicamente por los moradores del sector Ga\u00f1il, parroquia Cel\u00e9n en el cant\u00f3n Saraguro, pues seg\u00fan mencionan los testigos, la falta de asistencia a una madre que se encontraba en periodo de gestaci\u00f3n, habr\u00eda provocado la temprana partida del menor, dentro del vientre de su progenitora.<\/p>\n<p>En medio del dolor por la temprana p\u00e9rdida del peque\u00f1o, los familiares y amigos expresan su malestar y descontento por la tr\u00e1gica situaci\u00f3n, pues seg\u00fan testigos, la madre presentaba signos de malestar durante su embarazo; sin embargo, al acudir a la casa de salud de la zona, la respuesta no fue la esperada.<\/p>\n<p>Pese al estado cr\u00edtico en el que se encontraba, mencionan que los galenos poco o nada hicieron para salvaguardar la integrad de la madre y, menos a\u00fan, del peque\u00f1o que ven\u00eda en camino, alegando que no hab\u00eda los insumos m\u00e9dicos necesarios para atender su caso, raz\u00f3n que habr\u00eda provocado el deceso del feto, dentro de su progenitora. Incluso, expresan que, fueron v\u00edctimas de agresi\u00f3n verbal por parte de los involucrados.<\/p>\n<p>Los d\u00edas de espera para la familia parec\u00edan no tener fin, por lo que se vieron obligados a buscar ayuda en una casa de salud privada con el fin de no comprometer la salud de la madre quien, seg\u00fan sus parientes, ser\u00e1 dada de alta este lunes 26 de agosto.<\/p>\n<p>Esta situaci\u00f3n ha causado indignaci\u00f3n entre los moradores de Ga\u00f1il, quienes piden a las autoridades competentes se tome las acciones necesarias con aquellos funcionarios que se negaron a hacer su trabajo para que este caso no quede en la impunidad. \u00b4<\/p>\n<p>\ud83d\udcf2\u25b6\ufe0f Ver video completo en Youtube: https:\/\/youtu.be\/vh7l8UTnH1Q<\/p>\n<p>\ud83c\udf10\ud83d\udc49 S\u00edguenos en nuestra p\u00e1gina web: www.lodelmomentoloja.com<\/p>\n","protected":false},"excerpt":{"rendered":"<p>\ud83d\ude2d\ud83d\udc76\u271d\ufe0f \u00bfNo prestaron sus servicios a tiempo? Una aparente negligencia m\u00e9dica fue denunciada p\u00fablicamente por&#8230;<\/p>\n","protected":false},"author":1,"featured_media":22226,"comment_status":"open","ping_status":"open","sticky":false,"template":"","format":"standard","meta":{"footnotes":""},"categories":[7,1,5],"tags":[],"class_list":["post-22223","post","type-post","status-publish","format-standard","has-post-thumbnail","hentry","category-ecuador","category-inicio","category-loja"],"_links":{"self":[{"href":"https:\/\/www.lodelmomentoloja.com\/index.php?rest_route=\/wp\/v2\/posts\/22223"}],"collection":[{"href":"https:\/\/www.lodelmomentoloja.com\/index.php?rest_route=\/wp\/v2\/posts"}],"about":[{"href":"https:\/\/www.lodelmomentoloja.com\/index.php?rest_route=\/wp\/v2\/types\/post"}],"author":[{"embeddable":true,"href":"https:\/\/www.lodelmomentoloja.com\/index.php?rest_route=\/wp\/v2\/users\/1"}],"replies":[{"embeddable":true,"href":"https:\/\/www.lodelmomentoloja.com\/index.php?rest_route=%2Fwp%2Fv2%2Fcomments&post=22223"}],"version-history":[{"count":1,"href":"https:\/\/www.lodelmomentoloja.com\/index.php?rest_route=\/wp\/v2\/posts\/22223\/revisions"}],"predecessor-version":[{"id":22227,"href":"https:\/\/www.lodelmomentoloja.com\/index.php?rest_route=\/wp\/v2\/posts\/22223\/revisions\/22227"}],"wp:featuredmedia":[{"embeddable":true,"href":"https:\/\/www.lodelmomentoloja.com\/index.php?rest_route=\/wp\/v2\/media\/22226"}],"wp:attachment":[{"href":"https:\/\/www.lodelmomentoloja.com\/index.php?rest_route=%2Fwp%2Fv2%2Fmedia&parent=22223"}],"wp:term":[{"taxonomy":"category","embeddable":true,"href":"https:\/\/www.lodelmomentoloja.com\/index.php?rest_route=%2Fwp%2Fv2%2Fcategories&post=22223"},{"taxonomy":"post_tag","embeddable":true,"href":"https:\/\/www.lodelmomentoloja.com\/index.php?rest_route=%2Fwp%2Fv2%2Ftags&post=22223"}],"curies":[{"name":"wp","href":"https:\/\/api.w.org\/{rel}","templated":true}]}}