{"id":22216,"date":"2024-08-26T15:22:02","date_gmt":"2024-08-26T15:22:02","guid":{"rendered":"https:\/\/www.lodelmomentoloja.com\/?p=22216"},"modified":"2024-08-26T20:33:09","modified_gmt":"2024-08-26T20:33:09","slug":"incendio-forestal-en-quilanga","status":"publish","type":"post","link":"https:\/\/www.lodelmomentoloja.com\/?p=22216","title":{"rendered":"Incendio forestal en Quilanga"},"content":{"rendered":"<p>\ud83d\udea8\ud83d\udd25\ud83d\udc68\ud83c\udffb\u200d\ud83d\ude92 \u00a11nc3nd10 forestal! hasta la ma\u00f1ana de este lunes 26 de agosto, seg\u00fan el informe de Secretar\u00eda de Gesti\u00f3n de Riesgos, 738 hect\u00e1reas han sido consumidas por el fuego que se registr\u00f3 en el sector Santa Rosa de la parroquia San Antonio de las Aradas del cant\u00f3n Quilanga; de momento, el flagelo a\u00fan no ha sido controlado en su totalidad.<\/p>\n<div style=\"width: 640px;\" class=\"wp-video\"><!--[if lt IE 9]><script>document.createElement('video');<\/script><![endif]-->\n<video class=\"wp-video-shortcode\" id=\"video-22216-1\" width=\"640\" height=\"360\" preload=\"metadata\" controls=\"controls\"><source type=\"video\/mp4\" src=\"http:\/\/www.lodelmomentoloja.com\/wp-content\/uploads\/2024\/08\/INCENDIO-QUILANGA-REDUCIDO.mp4?_=1\" \/><a href=\"http:\/\/www.lodelmomentoloja.com\/wp-content\/uploads\/2024\/08\/INCENDIO-QUILANGA-REDUCIDO.mp4\">http:\/\/www.lodelmomentoloja.com\/wp-content\/uploads\/2024\/08\/INCENDIO-QUILANGA-REDUCIDO.mp4<\/a><\/video><\/div>\n<p>Un incendio forestal de grandes proporciones a\u00fan se mantiene activo en el cant\u00f3n Quilanga, hasta la ma\u00f1ana de este lunes 26 de agosto, seg\u00fan el informe de Secretar\u00eda de Gesti\u00f3n de Riesgos, 738 hect\u00e1reas han sido consumidas por el fuego que se registr\u00f3 en el sector Santa Rosa de la parroquia San Antonio de las Aradas.<\/p>\n<p>El flagelo que ha consumido gran parte de la flora y fauna se registr\u00f3 el pasado viernes 23 de agosto de 2024. Seg\u00fan las autoridades, alrededor de 60 efectivos del Cuerpo de Bomberos de Quilanga, Loja, Calvas, Saraguro, Catamayo y Esp\u00edndola se han desplegado para atender la emergencia. El percance tambi\u00e9n cuenta con la colaboraci\u00f3n del Ej\u00e9rcito ecuatoriano y comuneros de la regi\u00f3n.<\/p>\n<p>Seg\u00fan la central de emergencias se ha activado todo el contingente t\u00e9cnico, log\u00edstico y humano para llevar a cabo los procesos de sofocaci\u00f3n; aunque, de momento el incendio no ha sido controlado en su totalidad, gran parte del flagelo ha disminuido.<\/p>\n<p>Meses atr\u00e1s, en el mismo cant\u00f3n se produjo otro incendio forestal que consumi\u00f3 cerca de 50 hect\u00e1reas y; de acuerdo con Gesti\u00f3n de Riesgos, desde el mes de julio exist\u00eda una alerta sobre las condiciones clim\u00e1ticas favorables para estos eventos. Provincias como Carchi, Bol\u00edvar, Azuay y Loja se mantienen en alerta debido a la poca de humedad y los fuertes vientos.<\/p>\n<p>Es por ello que, las autoridades hacen un llamado a toda la ciudadan\u00eda para evitar situaciones que provoquen eventos similares ya que, ponen en riesgo no solo la integridad de las comunidades, sino tambi\u00e9n de la fauna de all\u00ed habita.<\/p>\n<p>\ud83d\udcf2\u25b6\ufe0f Ver video completo en Youtube: https:\/\/youtu.be\/4knMWL4tka0<\/p>\n<p>\ud83c\udf10\ud83d\udc49 S\u00edguenos en nuestra p\u00e1gina web: www.lodelmomentoloja.com<\/p>\n","protected":false},"excerpt":{"rendered":"<p>\ud83d\udea8\ud83d\udd25\ud83d\udc68\ud83c\udffb\u200d\ud83d\ude92 \u00a11nc3nd10 forestal! hasta la ma\u00f1ana de este lunes 26 de agosto, seg\u00fan el informe&#8230;<\/p>\n","protected":false},"author":1,"featured_media":22218,"comment_status":"open","ping_status":"open","sticky":false,"template":"","format":"standard","meta":{"footnotes":""},"categories":[7,1,5],"tags":[],"class_list":["post-22216","post","type-post","status-publish","format-standard","has-post-thumbnail","hentry","category-ecuador","category-inicio","category-loja"],"_links":{"self":[{"href":"https:\/\/www.lodelmomentoloja.com\/index.php?rest_route=\/wp\/v2\/posts\/22216"}],"collection":[{"href":"https:\/\/www.lodelmomentoloja.com\/index.php?rest_route=\/wp\/v2\/posts"}],"about":[{"href":"https:\/\/www.lodelmomentoloja.com\/index.php?rest_route=\/wp\/v2\/types\/post"}],"author":[{"embeddable":true,"href":"https:\/\/www.lodelmomentoloja.com\/index.php?rest_route=\/wp\/v2\/users\/1"}],"replies":[{"embeddable":true,"href":"https:\/\/www.lodelmomentoloja.com\/index.php?rest_route=%2Fwp%2Fv2%2Fcomments&post=22216"}],"version-history":[{"count":1,"href":"https:\/\/www.lodelmomentoloja.com\/index.php?rest_route=\/wp\/v2\/posts\/22216\/revisions"}],"predecessor-version":[{"id":22219,"href":"https:\/\/www.lodelmomentoloja.com\/index.php?rest_route=\/wp\/v2\/posts\/22216\/revisions\/22219"}],"wp:featuredmedia":[{"embeddable":true,"href":"https:\/\/www.lodelmomentoloja.com\/index.php?rest_route=\/wp\/v2\/media\/22218"}],"wp:attachment":[{"href":"https:\/\/www.lodelmomentoloja.com\/index.php?rest_route=%2Fwp%2Fv2%2Fmedia&parent=22216"}],"wp:term":[{"taxonomy":"category","embeddable":true,"href":"https:\/\/www.lodelmomentoloja.com\/index.php?rest_route=%2Fwp%2Fv2%2Fcategories&post=22216"},{"taxonomy":"post_tag","embeddable":true,"href":"https:\/\/www.lodelmomentoloja.com\/index.php?rest_route=%2Fwp%2Fv2%2Ftags&post=22216"}],"curies":[{"name":"wp","href":"https:\/\/api.w.org\/{rel}","templated":true}]}}