{"id":22199,"date":"2024-08-26T13:28:29","date_gmt":"2024-08-26T13:28:29","guid":{"rendered":"https:\/\/www.lodelmomentoloja.com\/?p=22199"},"modified":"2024-08-26T18:52:46","modified_gmt":"2024-08-26T18:52:46","slug":"sube-el-valor-de-entradas-a-la-feria-de-loja-conciertos","status":"publish","type":"post","link":"https:\/\/www.lodelmomentoloja.com\/?p=22199","title":{"rendered":"Sube el valor de entradas a la Feria de Loja (Conciertos)"},"content":{"rendered":"<p>\ud83e\udef0\ud83c\udffb\ud83d\udcb8\ud83c\udf9f\ufe0f \u00a1Todo subieron! La edici\u00f3n 195 de la Feria de Loja ha elevado los costos de sus entradas para los diferentes conciertos bajo la direcci\u00f3n de Diego Lara quien se ha mantenido por 9 a\u00f1os en el cargo con las autoridades de turno. El evento inaugural con Alberto Plaza estar\u00e1 en $25 en el TBC, las fechas de Coraz\u00f3n Serrano, Alzate, La Mosca, Wilfrido Vargas, Los Nocheros estar\u00e1n a $8, mientras otras dos fechas m\u00e1s estar\u00e1n en $7 y $6,50, todos en el complejo Ferial.<\/p>\n<p><img loading=\"lazy\" decoding=\"async\" class=\"alignnone size-medium wp-image-22200\" src=\"http:\/\/www.lodelmomentoloja.com\/wp-content\/uploads\/2024\/08\/WhatsApp-Image-2024-08-26-at-11.59.17-AM-266x300.jpeg\" alt=\"\" width=\"266\" height=\"300\" srcset=\"https:\/\/www.lodelmomentoloja.com\/wp-content\/uploads\/2024\/08\/WhatsApp-Image-2024-08-26-at-11.59.17-AM-266x300.jpeg 266w, https:\/\/www.lodelmomentoloja.com\/wp-content\/uploads\/2024\/08\/WhatsApp-Image-2024-08-26-at-11.59.17-AM-906x1024.jpeg 906w, https:\/\/www.lodelmomentoloja.com\/wp-content\/uploads\/2024\/08\/WhatsApp-Image-2024-08-26-at-11.59.17-AM-768x868.jpeg 768w, https:\/\/www.lodelmomentoloja.com\/wp-content\/uploads\/2024\/08\/WhatsApp-Image-2024-08-26-at-11.59.17-AM-640x723.jpeg 640w, https:\/\/www.lodelmomentoloja.com\/wp-content\/uploads\/2024\/08\/WhatsApp-Image-2024-08-26-at-11.59.17-AM-1359x1536.jpeg 1359w, https:\/\/www.lodelmomentoloja.com\/wp-content\/uploads\/2024\/08\/WhatsApp-Image-2024-08-26-at-11.59.17-AM-1024x1157.jpeg 1024w, https:\/\/www.lodelmomentoloja.com\/wp-content\/uploads\/2024\/08\/WhatsApp-Image-2024-08-26-at-11.59.17-AM.jpeg 1416w\" sizes=\"(max-width: 266px) 100vw, 266px\" \/><\/p>\n<p>\ud83c\udf10\ud83d\udc49 S\u00edguenos en nuestra p\u00e1gina web: www.lodelmomentoloja.com<\/p>\n","protected":false},"excerpt":{"rendered":"<p>\ud83e\udef0\ud83c\udffb\ud83d\udcb8\ud83c\udf9f\ufe0f \u00a1Todo subieron! La edici\u00f3n 195 de la Feria de Loja ha elevado los costos&#8230;<\/p>\n","protected":false},"author":1,"featured_media":22201,"comment_status":"open","ping_status":"open","sticky":false,"template":"","format":"standard","meta":{"footnotes":""},"categories":[7,1,4,5],"tags":[],"class_list":["post-22199","post","type-post","status-publish","format-standard","has-post-thumbnail","hentry","category-ecuador","category-inicio","category-internacional","category-loja"],"_links":{"self":[{"href":"https:\/\/www.lodelmomentoloja.com\/index.php?rest_route=\/wp\/v2\/posts\/22199"}],"collection":[{"href":"https:\/\/www.lodelmomentoloja.com\/index.php?rest_route=\/wp\/v2\/posts"}],"about":[{"href":"https:\/\/www.lodelmomentoloja.com\/index.php?rest_route=\/wp\/v2\/types\/post"}],"author":[{"embeddable":true,"href":"https:\/\/www.lodelmomentoloja.com\/index.php?rest_route=\/wp\/v2\/users\/1"}],"replies":[{"embeddable":true,"href":"https:\/\/www.lodelmomentoloja.com\/index.php?rest_route=%2Fwp%2Fv2%2Fcomments&post=22199"}],"version-history":[{"count":2,"href":"https:\/\/www.lodelmomentoloja.com\/index.php?rest_route=\/wp\/v2\/posts\/22199\/revisions"}],"predecessor-version":[{"id":22205,"href":"https:\/\/www.lodelmomentoloja.com\/index.php?rest_route=\/wp\/v2\/posts\/22199\/revisions\/22205"}],"wp:featuredmedia":[{"embeddable":true,"href":"https:\/\/www.lodelmomentoloja.com\/index.php?rest_route=\/wp\/v2\/media\/22201"}],"wp:attachment":[{"href":"https:\/\/www.lodelmomentoloja.com\/index.php?rest_route=%2Fwp%2Fv2%2Fmedia&parent=22199"}],"wp:term":[{"taxonomy":"category","embeddable":true,"href":"https:\/\/www.lodelmomentoloja.com\/index.php?rest_route=%2Fwp%2Fv2%2Fcategories&post=22199"},{"taxonomy":"post_tag","embeddable":true,"href":"https:\/\/www.lodelmomentoloja.com\/index.php?rest_route=%2Fwp%2Fv2%2Ftags&post=22199"}],"curies":[{"name":"wp","href":"https:\/\/api.w.org\/{rel}","templated":true}]}}