{"id":22183,"date":"2024-08-26T09:37:01","date_gmt":"2024-08-26T09:37:01","guid":{"rendered":"https:\/\/www.lodelmomentoloja.com\/?p=22183"},"modified":"2024-08-26T14:38:44","modified_gmt":"2024-08-26T14:38:44","slug":"incendio-forestal-en-quilanga-ha-consumido-mas-de-500-hectareas-de-vegetacion","status":"publish","type":"post","link":"https:\/\/www.lodelmomentoloja.com\/?p=22183","title":{"rendered":"Incendio forestal en Quilanga ha consumido m\u00e1s de 500 hect\u00e1reas de vegetaci\u00f3n"},"content":{"rendered":"<p><span class=\"html-span xexx8yu x4uap5 x18d9i69 xkhd6sd x1hl2dhg x16tdsg8 x1vvkbs x3nfvp2 x1j61x8r x1fcty0u xdj266r xat24cr xgzva0m xhhsvwb xxymvpz xlup9mm x1kky2od\"><img loading=\"lazy\" decoding=\"async\" class=\"xz74otr\" src=\"https:\/\/static.xx.fbcdn.net\/images\/emoji.php\/v9\/t2c\/1\/16\/1f631.png\" alt=\"\ud83d\ude31\" width=\"16\" height=\"16\" \/><\/span><span class=\"html-span xexx8yu x4uap5 x18d9i69 xkhd6sd x1hl2dhg x16tdsg8 x1vvkbs x3nfvp2 x1j61x8r x1fcty0u xdj266r xat24cr xgzva0m xhhsvwb xxymvpz xlup9mm x1kky2od\"><img loading=\"lazy\" decoding=\"async\" class=\"xz74otr\" src=\"https:\/\/static.xx.fbcdn.net\/images\/emoji.php\/v9\/t50\/1\/16\/1f525.png\" alt=\"\ud83d\udd25\" width=\"16\" height=\"16\" \/><\/span><span class=\"html-span xexx8yu x4uap5 x18d9i69 xkhd6sd x1hl2dhg x16tdsg8 x1vvkbs x3nfvp2 x1j61x8r x1fcty0u xdj266r xat24cr xgzva0m xhhsvwb xxymvpz xlup9mm x1kky2od\"><img loading=\"lazy\" decoding=\"async\" class=\"xz74otr\" src=\"https:\/\/static.xx.fbcdn.net\/images\/emoji.php\/v9\/t19\/1\/16\/1f468_1f3fb_200d_1f692.png\" alt=\"\ud83d\udc68\ud83c\udffb\u200d\ud83d\ude92\" width=\"16\" height=\"16\" \/><\/span>\u00a0\u00a1De gran magnitud! El incendio forestal registrado en el cant\u00f3n Quilanga, ha consumido m\u00e1s de 500 hect\u00e1reas de bosque, pajonales y vegetaci\u00f3n nativa de la zona, seg\u00fan el informe de La Secretar\u00eda de Gesti\u00f3n de Riesgos, adem\u00e1s la entidad anuncia que las labores de atenci\u00f3n continuar\u00e1n este 26 de agosto, puesto que el incendio se encuentra en una zona de dif\u00edcil acceso. Adem\u00e1s mediante resoluci\u00f3n del COE Cantonal de Quilanga, se suspenden actividades en la parroquia San Antonio de las Aradas a partir de este lunes.<br class=\"html-br\" \/><br class=\"html-br\" \/><span class=\"html-span xexx8yu x4uap5 x18d9i69 xkhd6sd x1hl2dhg x16tdsg8 x1vvkbs x3nfvp2 x1j61x8r x1fcty0u xdj266r xat24cr xgzva0m xhhsvwb xxymvpz xlup9mm x1kky2od\"><img loading=\"lazy\" decoding=\"async\" class=\"xz74otr\" src=\"https:\/\/static.xx.fbcdn.net\/images\/emoji.php\/v9\/taa\/1\/16\/1f310.png\" alt=\"\ud83c\udf10\" width=\"16\" height=\"16\" \/><\/span><span class=\"html-span xexx8yu x4uap5 x18d9i69 xkhd6sd x1hl2dhg x16tdsg8 x1vvkbs x3nfvp2 x1j61x8r x1fcty0u xdj266r xat24cr xgzva0m xhhsvwb xxymvpz xlup9mm x1kky2od\"><img loading=\"lazy\" decoding=\"async\" class=\"xz74otr\" src=\"https:\/\/static.xx.fbcdn.net\/images\/emoji.php\/v9\/t51\/1\/16\/1f449.png\" alt=\"\ud83d\udc49\" width=\"16\" height=\"16\" \/><\/span>\u00a0S\u00edguenos en nuestra p\u00e1gina web:\u00a0<span class=\"html-span xdj266r x11i5rnm xat24cr x1mh8g0r xexx8yu x4uap5 x18d9i69 xkhd6sd x1hl2dhg x16tdsg8 x1vvkbs\"><a class=\"x1i10hfl xjbqb8w x1ejq31n xd10rxx x1sy0etr x17r0tee x972fbf xcfux6l x1qhh985 xm0m39n x9f619 x1ypdohk xt0psk2 xe8uvvx xdj266r x11i5rnm xat24cr x1mh8g0r xexx8yu x4uap5 x18d9i69 xkhd6sd x16tdsg8 x1hl2dhg xggy1nq x1a2a7pz x1sur9pj xkrqix3 x1fey0fg\" tabindex=\"0\" role=\"link\" href=\"http:\/\/www.lodelmomentoloja.com\/?fbclid=IwZXh0bgNhZW0CMTAAAR1elv_jriwcXjUIIHy7S3qDo_9cgZAB8Vs0qjJkxDxA8A_O4QWHGIYEYUE_aem_URoQxq4AAlkGgP7JO2Xt1Q\" target=\"_blank\" rel=\"nofollow noopener noreferrer\">www.lodelmomentoloja.com<\/a><\/span><\/p>\n","protected":false},"excerpt":{"rendered":"<p>\u00a0\u00a1De gran magnitud! El incendio forestal registrado en el cant\u00f3n Quilanga, ha consumido m\u00e1s de&#8230;<\/p>\n","protected":false},"author":1,"featured_media":22184,"comment_status":"open","ping_status":"open","sticky":false,"template":"","format":"standard","meta":{"footnotes":""},"categories":[7,1,5],"tags":[],"class_list":["post-22183","post","type-post","status-publish","format-standard","has-post-thumbnail","hentry","category-ecuador","category-inicio","category-loja"],"_links":{"self":[{"href":"https:\/\/www.lodelmomentoloja.com\/index.php?rest_route=\/wp\/v2\/posts\/22183"}],"collection":[{"href":"https:\/\/www.lodelmomentoloja.com\/index.php?rest_route=\/wp\/v2\/posts"}],"about":[{"href":"https:\/\/www.lodelmomentoloja.com\/index.php?rest_route=\/wp\/v2\/types\/post"}],"author":[{"embeddable":true,"href":"https:\/\/www.lodelmomentoloja.com\/index.php?rest_route=\/wp\/v2\/users\/1"}],"replies":[{"embeddable":true,"href":"https:\/\/www.lodelmomentoloja.com\/index.php?rest_route=%2Fwp%2Fv2%2Fcomments&post=22183"}],"version-history":[{"count":1,"href":"https:\/\/www.lodelmomentoloja.com\/index.php?rest_route=\/wp\/v2\/posts\/22183\/revisions"}],"predecessor-version":[{"id":22185,"href":"https:\/\/www.lodelmomentoloja.com\/index.php?rest_route=\/wp\/v2\/posts\/22183\/revisions\/22185"}],"wp:featuredmedia":[{"embeddable":true,"href":"https:\/\/www.lodelmomentoloja.com\/index.php?rest_route=\/wp\/v2\/media\/22184"}],"wp:attachment":[{"href":"https:\/\/www.lodelmomentoloja.com\/index.php?rest_route=%2Fwp%2Fv2%2Fmedia&parent=22183"}],"wp:term":[{"taxonomy":"category","embeddable":true,"href":"https:\/\/www.lodelmomentoloja.com\/index.php?rest_route=%2Fwp%2Fv2%2Fcategories&post=22183"},{"taxonomy":"post_tag","embeddable":true,"href":"https:\/\/www.lodelmomentoloja.com\/index.php?rest_route=%2Fwp%2Fv2%2Ftags&post=22183"}],"curies":[{"name":"wp","href":"https:\/\/api.w.org\/{rel}","templated":true}]}}