{"id":22176,"date":"2024-08-23T16:48:40","date_gmt":"2024-08-23T16:48:40","guid":{"rendered":"https:\/\/www.lodelmomentoloja.com\/?p=22176"},"modified":"2024-08-23T21:53:03","modified_gmt":"2024-08-23T21:53:03","slug":"boscan-alerta-sobre-un-soplon-en-la-fge","status":"publish","type":"post","link":"https:\/\/www.lodelmomentoloja.com\/?p=22176","title":{"rendered":"Bosc\u00e1n alerta sobre un &#8216;sopl\u00f3n&#8217; en la FGE"},"content":{"rendered":"<p>\ud83d\ude31\ud83d\ude35\u200d\ud83d\udcab\ud83d\udde3\ufe0f \u00bfUn show medi\u00e1tico? Ha pasado m\u00e1s de 1 y medio y la mafia albanesa sigue impune el pa\u00eds, o al menos, eso es lo que expres\u00f3 el periodista del medio digital La Posta, alertado que la Fiscal\u00eda General del Estado (FGE), la Unidad de An\u00e1lisis Financiero (UAFE) y el Servicio de Rentas Internas (SRI) no han ejecutado acciones contundentes contra las empresas que estar\u00edan vinculadas con dicha organizaci\u00f3n.<\/p>\n<p>Incluso, Bosc\u00e1n revel\u00f3 que desde la misma Fiscal\u00eda se habr\u00eda alertado a Dritan Gjik, l\u00edder de la mafia albanesa, sobre los operativos que se ejecutaron en febrero pasado como parte del Caso Pamba.<\/p>\n<div style=\"width: 640px;\" class=\"wp-video\"><!--[if lt IE 9]><script>document.createElement('video');<\/script><![endif]-->\n<video class=\"wp-video-shortcode\" id=\"video-22176-1\" width=\"640\" height=\"360\" preload=\"metadata\" controls=\"controls\"><source type=\"video\/mp4\" src=\"http:\/\/www.lodelmomentoloja.com\/wp-content\/uploads\/2024\/08\/MAFIA-ALBANESA-REDUCIDO.mp4?_=1\" \/><a href=\"http:\/\/www.lodelmomentoloja.com\/wp-content\/uploads\/2024\/08\/MAFIA-ALBANESA-REDUCIDO.mp4\">http:\/\/www.lodelmomentoloja.com\/wp-content\/uploads\/2024\/08\/MAFIA-ALBANESA-REDUCIDO.mp4<\/a><\/video><\/div>\n<p>El periodista se\u00f1al\u00f3, adem\u00e1s, que la Polic\u00eda y Fiscal\u00eda no realizan su trabajo de manera debido, puesto que hay gente que cubre los intereses de todas las mafias que operan en el pa\u00eds, no solo de la albanesa, ya que d\u00eda de hoy, no existen ning\u00fan procesado de alto valor en este caso.<\/p>\n<p>Es por ello que, mediante un comunicado la Fiscal\u00eda rechaz\u00f3 las acusaciones de Bosc\u00e1n alegando que carecen de validez, pues seg\u00fan la entidad, dichas acusaciones est\u00e1n destinadas a debilitar el trabajo de la instituci\u00f3n.<\/p>\n<p>Es as\u00ed que, en una entrevista con Ecuavisa, la titular la entidad, Diana Salazar, ratific\u00f3 lo dicho en el comunicado y precis\u00f3 que este caso se encuentra a la espera de la audiencia preparatoria de juicio por el presunto delito de lavados de activos.<\/p>\n<p>As\u00ed mismo, se refiri\u00f3 a la posibilidad de que la instituci\u00f3n est\u00e9 infectada por miembros de las mafias.<\/p>\n<p>Sin embargo, el enfrentamiento no cesa y, la ma\u00f1ana de este 23 de agosto, Bosc\u00e1n replic\u00f3 lo dicho por Salazar en el que asegur\u00f3 tener las evidencias necesarias para demostrar las operaciones que, a d\u00eda de hoy, sigue manteniendo vigente el crimen organizado.<\/p>\n<p>\u00bfSer\u00e1 que este caso quedar\u00e1 en la impunidad o simplemente se trata de una cortina de humo para desviar la atenci\u00f3n de los ecuatorianos? En todo caso, la ciudadan\u00eda tiene la \u00faltima palabra.<\/p>\n<p>\ud83d\udcf2\u25b6\ufe0f Ver video completo en Youtube: https:\/\/youtu.be\/GbUOQbz5DFI<\/p>\n<p>\ud83c\udf10\ud83d\udc49 S\u00edguenos en nuestra p\u00e1gina web: www.lodelmomentoloja.com<\/p>\n","protected":false},"excerpt":{"rendered":"<p>\ud83d\ude31\ud83d\ude35\u200d\ud83d\udcab\ud83d\udde3\ufe0f \u00bfUn show medi\u00e1tico? Ha pasado m\u00e1s de 1 y medio y la mafia albanesa&#8230;<\/p>\n","protected":false},"author":1,"featured_media":22178,"comment_status":"open","ping_status":"open","sticky":false,"template":"","format":"standard","meta":{"footnotes":""},"categories":[7,1],"tags":[],"class_list":["post-22176","post","type-post","status-publish","format-standard","has-post-thumbnail","hentry","category-ecuador","category-inicio"],"_links":{"self":[{"href":"https:\/\/www.lodelmomentoloja.com\/index.php?rest_route=\/wp\/v2\/posts\/22176"}],"collection":[{"href":"https:\/\/www.lodelmomentoloja.com\/index.php?rest_route=\/wp\/v2\/posts"}],"about":[{"href":"https:\/\/www.lodelmomentoloja.com\/index.php?rest_route=\/wp\/v2\/types\/post"}],"author":[{"embeddable":true,"href":"https:\/\/www.lodelmomentoloja.com\/index.php?rest_route=\/wp\/v2\/users\/1"}],"replies":[{"embeddable":true,"href":"https:\/\/www.lodelmomentoloja.com\/index.php?rest_route=%2Fwp%2Fv2%2Fcomments&post=22176"}],"version-history":[{"count":1,"href":"https:\/\/www.lodelmomentoloja.com\/index.php?rest_route=\/wp\/v2\/posts\/22176\/revisions"}],"predecessor-version":[{"id":22179,"href":"https:\/\/www.lodelmomentoloja.com\/index.php?rest_route=\/wp\/v2\/posts\/22176\/revisions\/22179"}],"wp:featuredmedia":[{"embeddable":true,"href":"https:\/\/www.lodelmomentoloja.com\/index.php?rest_route=\/wp\/v2\/media\/22178"}],"wp:attachment":[{"href":"https:\/\/www.lodelmomentoloja.com\/index.php?rest_route=%2Fwp%2Fv2%2Fmedia&parent=22176"}],"wp:term":[{"taxonomy":"category","embeddable":true,"href":"https:\/\/www.lodelmomentoloja.com\/index.php?rest_route=%2Fwp%2Fv2%2Fcategories&post=22176"},{"taxonomy":"post_tag","embeddable":true,"href":"https:\/\/www.lodelmomentoloja.com\/index.php?rest_route=%2Fwp%2Fv2%2Ftags&post=22176"}],"curies":[{"name":"wp","href":"https:\/\/api.w.org\/{rel}","templated":true}]}}